{"id":1589,"date":"2016-07-27T10:21:16","date_gmt":"2016-07-27T09:21:16","guid":{"rendered":"http:\/\/www.club-vosgien-lemberg.net\/wordpress\/?p=1589"},"modified":"2016-07-27T10:21:16","modified_gmt":"2016-07-27T09:21:16","slug":"retrospective-en-images-des-sorties-de-lassociation","status":"publish","type":"post","link":"https:\/\/www.club-vosgien-lemberg.net\/wordpress\/?p=1589","title":{"rendered":"R\u00e9trospective, en images, des sorties de l&rsquo;association"},"content":{"rendered":"<p>Apr\u00e8s plusieurs demandes, voici enfin que se d\u00e9voilent les photos des \u00e9v\u00e9nements et sorties, organis\u00e9s par le Club Vosgien de Lemberg, depuis le d\u00e9but de l&rsquo;ann\u00e9e 2016 : (vous pouvez cliquer sur les images pour les agrandir)<\/p>\n<div id=\"attachment_1590\" style=\"width: 310px\" class=\"wp-caption alignnone\"><a href=\"http:\/\/www.club-vosgien-lemberg.net\/wordpress\/wp-content\/uploads\/2016\/07\/10-01-16-Sortie-des-Rois-Mages.jpg\" rel=\"attachment wp-att-1590\"><img aria-describedby=\"caption-attachment-1590\" decoding=\"async\" loading=\"lazy\" class=\"size-medium wp-image-1590\" src=\"http:\/\/www.club-vosgien-lemberg.net\/wordpress\/wp-content\/uploads\/2016\/07\/10-01-16-Sortie-des-Rois-Mages-300x169.jpg\" alt=\"10 Janvier 2016 :  sortie des Rois Mages \u00e0 Lemberg\" width=\"300\" height=\"169\" srcset=\"https:\/\/www.club-vosgien-lemberg.net\/wordpress\/wp-content\/uploads\/2016\/07\/10-01-16-Sortie-des-Rois-Mages-300x169.jpg 300w, https:\/\/www.club-vosgien-lemberg.net\/wordpress\/wp-content\/uploads\/2016\/07\/10-01-16-Sortie-des-Rois-Mages-768x432.jpg 768w, https:\/\/www.club-vosgien-lemberg.net\/wordpress\/wp-content\/uploads\/2016\/07\/10-01-16-Sortie-des-Rois-Mages-600x338.jpg 600w, https:\/\/www.club-vosgien-lemberg.net\/wordpress\/wp-content\/uploads\/2016\/07\/10-01-16-Sortie-des-Rois-Mages-640x360.jpg 640w, https:\/\/www.club-vosgien-lemberg.net\/wordpress\/wp-content\/uploads\/2016\/07\/10-01-16-Sortie-des-Rois-Mages.jpg 810w\" sizes=\"(max-width: 300px) 100vw, 300px\" \/><\/a><p id=\"caption-attachment-1590\" class=\"wp-caption-text\">10 Janvier 2016 :<br \/>sortie des Rois Mages \u00e0 Lemberg<\/p><\/div>\n<div id=\"attachment_1592\" style=\"width: 179px\" class=\"wp-caption alignnone\"><a href=\"http:\/\/www.club-vosgien-lemberg.net\/wordpress\/wp-content\/uploads\/2016\/07\/24-01-16-Sortie-Wimmenau-Reipertswiller-1.jpg\" rel=\"attachment wp-att-1592\"><img aria-describedby=\"caption-attachment-1592\" decoding=\"async\" loading=\"lazy\" class=\"wp-image-1592 size-medium\" src=\"http:\/\/www.club-vosgien-lemberg.net\/wordpress\/wp-content\/uploads\/2016\/07\/24-01-16-Sortie-Wimmenau-Reipertswiller-1-169x300.jpg\" alt=\"24 Janvier 2016 : randonn\u00e9e dans le secteur de Reipertswiller\" width=\"169\" height=\"300\" srcset=\"https:\/\/www.club-vosgien-lemberg.net\/wordpress\/wp-content\/uploads\/2016\/07\/24-01-16-Sortie-Wimmenau-Reipertswiller-1-169x300.jpg 169w, https:\/\/www.club-vosgien-lemberg.net\/wordpress\/wp-content\/uploads\/2016\/07\/24-01-16-Sortie-Wimmenau-Reipertswiller-1.jpg 456w\" sizes=\"(max-width: 169px) 100vw, 169px\" \/><\/a><p id=\"caption-attachment-1592\" class=\"wp-caption-text\">24 Janvier 2016 :<br \/> sortie dans le secteur de Reipertswiller<\/p><\/div>\n<div id=\"attachment_1594\" style=\"width: 310px\" class=\"wp-caption alignnone\"><a href=\"http:\/\/www.club-vosgien-lemberg.net\/wordpress\/wp-content\/uploads\/2016\/07\/07-02-16-Marche-gourmande-\u00e0-Lemberg.jpg\" rel=\"attachment wp-att-1594\"><img aria-describedby=\"caption-attachment-1594\" decoding=\"async\" loading=\"lazy\" class=\"size-medium wp-image-1594\" src=\"http:\/\/www.club-vosgien-lemberg.net\/wordpress\/wp-content\/uploads\/2016\/07\/07-02-16-Marche-gourmande-\u00e0-Lemberg-300x169.jpg\" alt=\"7 F\u00e9vrier 2016 : Marche Gourmande \u00e0 Lemberg (cr\u00e9dit photo. : Paul S.)\" width=\"300\" height=\"169\" srcset=\"https:\/\/www.club-vosgien-lemberg.net\/wordpress\/wp-content\/uploads\/2016\/07\/07-02-16-Marche-gourmande-\u00e0-Lemberg-300x169.jpg 300w, https:\/\/www.club-vosgien-lemberg.net\/wordpress\/wp-content\/uploads\/2016\/07\/07-02-16-Marche-gourmande-\u00e0-Lemberg-768x432.jpg 768w, https:\/\/www.club-vosgien-lemberg.net\/wordpress\/wp-content\/uploads\/2016\/07\/07-02-16-Marche-gourmande-\u00e0-Lemberg-600x338.jpg 600w, https:\/\/www.club-vosgien-lemberg.net\/wordpress\/wp-content\/uploads\/2016\/07\/07-02-16-Marche-gourmande-\u00e0-Lemberg-640x360.jpg 640w, https:\/\/www.club-vosgien-lemberg.net\/wordpress\/wp-content\/uploads\/2016\/07\/07-02-16-Marche-gourmande-\u00e0-Lemberg.jpg 960w\" sizes=\"(max-width: 300px) 100vw, 300px\" \/><\/a><p id=\"caption-attachment-1594\" class=\"wp-caption-text\">7 F\u00e9vrier 2016 :<br \/>Marche Gourmande \u00e0 Lemberg<br \/>(cr\u00e9dit photo. : Paul S.)<\/p><\/div>\n<div id=\"attachment_1596\" style=\"width: 310px\" class=\"wp-caption alignnone\"><a href=\"http:\/\/www.club-vosgien-lemberg.net\/wordpress\/wp-content\/uploads\/2016\/07\/28-02-16-Randonn\u00e9e-Lemberg-Goetz-Meisenthal-St-Louis-Lemberg-1.jpg\" rel=\"attachment wp-att-1596\"><img aria-describedby=\"caption-attachment-1596\" decoding=\"async\" loading=\"lazy\" class=\"size-medium wp-image-1596\" src=\"http:\/\/www.club-vosgien-lemberg.net\/wordpress\/wp-content\/uploads\/2016\/07\/28-02-16-Randonn\u00e9e-Lemberg-Goetz-Meisenthal-St-Louis-Lemberg-1-300x169.jpg\" alt=\"28 F\u00e9vrier 2016 : randonn\u00e9e depuis Lemberg jusque Meisenthal\" width=\"300\" height=\"169\" srcset=\"https:\/\/www.club-vosgien-lemberg.net\/wordpress\/wp-content\/uploads\/2016\/07\/28-02-16-Randonn\u00e9e-Lemberg-Goetz-Meisenthal-St-Louis-Lemberg-1-300x169.jpg 300w, https:\/\/www.club-vosgien-lemberg.net\/wordpress\/wp-content\/uploads\/2016\/07\/28-02-16-Randonn\u00e9e-Lemberg-Goetz-Meisenthal-St-Louis-Lemberg-1-768x432.jpg 768w, https:\/\/www.club-vosgien-lemberg.net\/wordpress\/wp-content\/uploads\/2016\/07\/28-02-16-Randonn\u00e9e-Lemberg-Goetz-Meisenthal-St-Louis-Lemberg-1-600x338.jpg 600w, https:\/\/www.club-vosgien-lemberg.net\/wordpress\/wp-content\/uploads\/2016\/07\/28-02-16-Randonn\u00e9e-Lemberg-Goetz-Meisenthal-St-Louis-Lemberg-1-640x360.jpg 640w, https:\/\/www.club-vosgien-lemberg.net\/wordpress\/wp-content\/uploads\/2016\/07\/28-02-16-Randonn\u00e9e-Lemberg-Goetz-Meisenthal-St-Louis-Lemberg-1.jpg 810w\" sizes=\"(max-width: 300px) 100vw, 300px\" \/><\/a><p id=\"caption-attachment-1596\" class=\"wp-caption-text\">28 F\u00e9vrier 2016 :<br \/>randonn\u00e9e depuis Lemberg jusque Meisenthal<\/p><\/div>\n<div id=\"attachment_1598\" style=\"width: 297px\" class=\"wp-caption alignnone\"><a href=\"http:\/\/www.club-vosgien-lemberg.net\/wordpress\/wp-content\/uploads\/2016\/07\/20-03-16-Repas-Marcaire-\u00e0-Lemberg.jpg\" rel=\"attachment wp-att-1598\"><img aria-describedby=\"caption-attachment-1598\" decoding=\"async\" loading=\"lazy\" class=\"size-medium wp-image-1598\" src=\"http:\/\/www.club-vosgien-lemberg.net\/wordpress\/wp-content\/uploads\/2016\/07\/20-03-16-Repas-Marcaire-\u00e0-Lemberg-287x300.jpg\" alt=\"20 Mars 2016 : Repas Marcaire \u00e0 Lemberg\" width=\"287\" height=\"300\" srcset=\"https:\/\/www.club-vosgien-lemberg.net\/wordpress\/wp-content\/uploads\/2016\/07\/20-03-16-Repas-Marcaire-\u00e0-Lemberg-287x300.jpg 287w, https:\/\/www.club-vosgien-lemberg.net\/wordpress\/wp-content\/uploads\/2016\/07\/20-03-16-Repas-Marcaire-\u00e0-Lemberg.jpg 557w\" sizes=\"(max-width: 287px) 100vw, 287px\" \/><\/a><p id=\"caption-attachment-1598\" class=\"wp-caption-text\">20 Mars 2016 :<br \/>Repas Marcaire \u00e0 Lemberg<\/p><\/div>\n<div id=\"attachment_1599\" style=\"width: 310px\" class=\"wp-caption alignnone\"><a href=\"http:\/\/www.club-vosgien-lemberg.net\/wordpress\/wp-content\/uploads\/2016\/07\/10-04-16-Randonn\u00e9e-aux-alentours-dIngwiller.jpg\" rel=\"attachment wp-att-1599\"><img aria-describedby=\"caption-attachment-1599\" decoding=\"async\" loading=\"lazy\" class=\"size-medium wp-image-1599\" src=\"http:\/\/www.club-vosgien-lemberg.net\/wordpress\/wp-content\/uploads\/2016\/07\/10-04-16-Randonn\u00e9e-aux-alentours-dIngwiller-300x169.jpg\" alt=\"10 Avril 2016 : randonn\u00e9e aux alentours d'Ingwiller\" width=\"300\" height=\"169\" srcset=\"https:\/\/www.club-vosgien-lemberg.net\/wordpress\/wp-content\/uploads\/2016\/07\/10-04-16-Randonn\u00e9e-aux-alentours-dIngwiller-300x169.jpg 300w, https:\/\/www.club-vosgien-lemberg.net\/wordpress\/wp-content\/uploads\/2016\/07\/10-04-16-Randonn\u00e9e-aux-alentours-dIngwiller-768x433.jpg 768w, https:\/\/www.club-vosgien-lemberg.net\/wordpress\/wp-content\/uploads\/2016\/07\/10-04-16-Randonn\u00e9e-aux-alentours-dIngwiller-600x338.jpg 600w, https:\/\/www.club-vosgien-lemberg.net\/wordpress\/wp-content\/uploads\/2016\/07\/10-04-16-Randonn\u00e9e-aux-alentours-dIngwiller-640x360.jpg 640w, https:\/\/www.club-vosgien-lemberg.net\/wordpress\/wp-content\/uploads\/2016\/07\/10-04-16-Randonn\u00e9e-aux-alentours-dIngwiller.jpg 891w\" sizes=\"(max-width: 300px) 100vw, 300px\" \/><\/a><p id=\"caption-attachment-1599\" class=\"wp-caption-text\">10 Avril 2016 :<br \/>randonn\u00e9e aux alentours d&rsquo;Ingwiller<\/p><\/div>\n<div id=\"attachment_1600\" style=\"width: 310px\" class=\"wp-caption alignnone\"><a href=\"http:\/\/www.club-vosgien-lemberg.net\/wordpress\/wp-content\/uploads\/2016\/07\/10-04-16-March\u00e9-Paysan-\u00e0-St-Louis.jpg\" rel=\"attachment wp-att-1600\"><img aria-describedby=\"caption-attachment-1600\" decoding=\"async\" loading=\"lazy\" class=\"size-medium wp-image-1600\" src=\"http:\/\/www.club-vosgien-lemberg.net\/wordpress\/wp-content\/uploads\/2016\/07\/10-04-16-March\u00e9-Paysan-\u00e0-St-Louis-300x169.jpg\" alt=\"10 Avril 2016 : March\u00e9 Paysan \u00e0 St-Louis-l\u00e8s-Bitche\" width=\"300\" height=\"169\" srcset=\"https:\/\/www.club-vosgien-lemberg.net\/wordpress\/wp-content\/uploads\/2016\/07\/10-04-16-March\u00e9-Paysan-\u00e0-St-Louis-300x169.jpg 300w, https:\/\/www.club-vosgien-lemberg.net\/wordpress\/wp-content\/uploads\/2016\/07\/10-04-16-March\u00e9-Paysan-\u00e0-St-Louis-768x433.jpg 768w, https:\/\/www.club-vosgien-lemberg.net\/wordpress\/wp-content\/uploads\/2016\/07\/10-04-16-March\u00e9-Paysan-\u00e0-St-Louis-600x338.jpg 600w, https:\/\/www.club-vosgien-lemberg.net\/wordpress\/wp-content\/uploads\/2016\/07\/10-04-16-March\u00e9-Paysan-\u00e0-St-Louis-640x360.jpg 640w, https:\/\/www.club-vosgien-lemberg.net\/wordpress\/wp-content\/uploads\/2016\/07\/10-04-16-March\u00e9-Paysan-\u00e0-St-Louis.jpg 891w\" sizes=\"(max-width: 300px) 100vw, 300px\" \/><\/a><p id=\"caption-attachment-1600\" class=\"wp-caption-text\">10 Avril 2016 :<br \/>March\u00e9 Paysan \u00e0 St-Louis-l\u00e8s-Bitche<\/p><\/div>\n<div id=\"attachment_1601\" style=\"width: 310px\" class=\"wp-caption alignnone\"><a href=\"http:\/\/www.club-vosgien-lemberg.net\/wordpress\/wp-content\/uploads\/2016\/07\/01-05-16-Raps-du-1er-Mai-\u00e0-Lemberg.jpg\" rel=\"attachment wp-att-1601\"><img aria-describedby=\"caption-attachment-1601\" decoding=\"async\" loading=\"lazy\" class=\"size-medium wp-image-1601\" src=\"http:\/\/www.club-vosgien-lemberg.net\/wordpress\/wp-content\/uploads\/2016\/07\/01-05-16-Raps-du-1er-Mai-\u00e0-Lemberg-300x193.jpg\" alt=\"1er Mai 2016 : repas au chalet de l'association\" width=\"300\" height=\"193\" srcset=\"https:\/\/www.club-vosgien-lemberg.net\/wordpress\/wp-content\/uploads\/2016\/07\/01-05-16-Raps-du-1er-Mai-\u00e0-Lemberg-300x193.jpg 300w, https:\/\/www.club-vosgien-lemberg.net\/wordpress\/wp-content\/uploads\/2016\/07\/01-05-16-Raps-du-1er-Mai-\u00e0-Lemberg-600x385.jpg 600w, https:\/\/www.club-vosgien-lemberg.net\/wordpress\/wp-content\/uploads\/2016\/07\/01-05-16-Raps-du-1er-Mai-\u00e0-Lemberg.jpg 710w\" sizes=\"(max-width: 300px) 100vw, 300px\" \/><\/a><p id=\"caption-attachment-1601\" class=\"wp-caption-text\">1er Mai 2016 :<br \/>repas au chalet de l&rsquo;association<\/p><\/div>\n<div id=\"attachment_1602\" style=\"width: 310px\" class=\"wp-caption alignnone\"><a href=\"http:\/\/www.club-vosgien-lemberg.net\/wordpress\/wp-content\/uploads\/2016\/07\/19-06-16-Randonn\u00e9e-en-Allemagne-dans-le-secteur-de-Hombourg-\u2013-Bechhofen.jpg\" rel=\"attachment wp-att-1602\"><img aria-describedby=\"caption-attachment-1602\" decoding=\"async\" loading=\"lazy\" class=\"size-medium wp-image-1602\" src=\"http:\/\/www.club-vosgien-lemberg.net\/wordpress\/wp-content\/uploads\/2016\/07\/19-06-16-Randonn\u00e9e-en-Allemagne-dans-le-secteur-de-Hombourg-\u2013-Bechhofen-300x225.jpg\" alt=\"19 Juin 2016 : randonn\u00e9e en Allemagne, dans le secteur de Hombourg \u2013 Bechhofen\" width=\"300\" height=\"225\" srcset=\"https:\/\/www.club-vosgien-lemberg.net\/wordpress\/wp-content\/uploads\/2016\/07\/19-06-16-Randonn\u00e9e-en-Allemagne-dans-le-secteur-de-Hombourg-\u2013-Bechhofen-300x225.jpg 300w, https:\/\/www.club-vosgien-lemberg.net\/wordpress\/wp-content\/uploads\/2016\/07\/19-06-16-Randonn\u00e9e-en-Allemagne-dans-le-secteur-de-Hombourg-\u2013-Bechhofen-768x576.jpg 768w, https:\/\/www.club-vosgien-lemberg.net\/wordpress\/wp-content\/uploads\/2016\/07\/19-06-16-Randonn\u00e9e-en-Allemagne-dans-le-secteur-de-Hombourg-\u2013-Bechhofen-600x450.jpg 600w, https:\/\/www.club-vosgien-lemberg.net\/wordpress\/wp-content\/uploads\/2016\/07\/19-06-16-Randonn\u00e9e-en-Allemagne-dans-le-secteur-de-Hombourg-\u2013-Bechhofen.jpg 900w\" sizes=\"(max-width: 300px) 100vw, 300px\" \/><\/a><p id=\"caption-attachment-1602\" class=\"wp-caption-text\">19 Juin 2016 :<br \/>randonn\u00e9e en Allemagne, dans le secteur de Hombourg \u2013 Bechhofen<\/p><\/div>\n<div id=\"attachment_1603\" style=\"width: 310px\" class=\"wp-caption alignnone\"><a href=\"http:\/\/www.club-vosgien-lemberg.net\/wordpress\/wp-content\/uploads\/2016\/07\/10-07-16-Randonn\u00e9e-\u00e0-Niedersteinbach.jpg\" rel=\"attachment wp-att-1603\"><img aria-describedby=\"caption-attachment-1603\" decoding=\"async\" loading=\"lazy\" class=\"size-medium wp-image-1603\" src=\"http:\/\/www.club-vosgien-lemberg.net\/wordpress\/wp-content\/uploads\/2016\/07\/10-07-16-Randonn\u00e9e-\u00e0-Niedersteinbach-300x169.jpg\" alt=\"10 Juillet 2016 : Randonn\u00e9e \u00e0 Niedersteinbach\" width=\"300\" height=\"169\" srcset=\"https:\/\/www.club-vosgien-lemberg.net\/wordpress\/wp-content\/uploads\/2016\/07\/10-07-16-Randonn\u00e9e-\u00e0-Niedersteinbach-300x169.jpg 300w, https:\/\/www.club-vosgien-lemberg.net\/wordpress\/wp-content\/uploads\/2016\/07\/10-07-16-Randonn\u00e9e-\u00e0-Niedersteinbach-768x433.jpg 768w, https:\/\/www.club-vosgien-lemberg.net\/wordpress\/wp-content\/uploads\/2016\/07\/10-07-16-Randonn\u00e9e-\u00e0-Niedersteinbach-600x338.jpg 600w, https:\/\/www.club-vosgien-lemberg.net\/wordpress\/wp-content\/uploads\/2016\/07\/10-07-16-Randonn\u00e9e-\u00e0-Niedersteinbach-640x360.jpg 640w, https:\/\/www.club-vosgien-lemberg.net\/wordpress\/wp-content\/uploads\/2016\/07\/10-07-16-Randonn\u00e9e-\u00e0-Niedersteinbach.jpg 891w\" sizes=\"(max-width: 300px) 100vw, 300px\" \/><\/a><p id=\"caption-attachment-1603\" class=\"wp-caption-text\">10 Juillet 2016 :<br \/>Randonn\u00e9e \u00e0 Niedersteinbach<\/p><\/div>\n<div style=\"padding-bottom:20px; padding-top:10px;\" class=\"hupso-share-buttons\"><!-- Hupso Share Buttons - https:\/\/www.hupso.com\/share\/ --><a class=\"hupso_toolbar\" href=\"https:\/\/www.hupso.com\/share\/\"><img src=\"https:\/\/static.hupso.com\/share\/buttons\/lang\/fr\/share-medium.png\" style=\"border:0px; padding-top:5px; float:left;\" alt=\"Share Button\"\/><\/a><script type=\"text\/javascript\">var hupso_services_t=new Array(\"Twitter\",\"Facebook\",\"Email\");var hupso_background_t=\"#EAF4FF\";var hupso_border_t=\"#66CCFF\";var hupso_toolbar_size_t=\"medium\";var hupso_image_folder_url = \"\";var hupso_url_t=\"\";var hupso_title_t=\"R\u00e9trospective, en images, des sorties de l&#039;association\";<\/script><script type=\"text\/javascript\" src=\"https:\/\/static.hupso.com\/share\/js\/share_toolbar.js\"><\/script><!-- Hupso Share Buttons --><\/div>","protected":false},"excerpt":{"rendered":"<p>Apr\u00e8s plusieurs demandes, voici enfin que se d\u00e9voilent les photos des \u00e9v\u00e9nements et sorties, organis\u00e9s par le Club Vosgien de Lemberg, depuis le d\u00e9but de l&rsquo;ann\u00e9e 2016 : (vous pouvez cliquer sur les images pour les agrandir)<\/p>\n<div style=\"padding-bottom:20px; padding-top:10px;\" class=\"hupso-share-buttons\"><!-- Hupso Share Buttons - https:\/\/www.hupso.com\/share\/ --><a class=\"hupso_toolbar\" href=\"https:\/\/www.hupso.com\/share\/\"><img src=\"https:\/\/static.hupso.com\/share\/buttons\/lang\/fr\/share-medium.png\" style=\"border:0px; padding-top:5px; float:left;\" alt=\"Share Button\"\/><\/a><script type=\"text\/javascript\">var hupso_services_t=new Array(\"Twitter\",\"Facebook\",\"Email\");var hupso_background_t=\"#EAF4FF\";var hupso_border_t=\"#66CCFF\";var hupso_toolbar_size_t=\"medium\";var hupso_image_folder_url = \"\";var hupso_url_t=\"\";var hupso_title_t=\"R\u00e9trospective, en images, des sorties de l&#039;association\";<\/script><script type=\"text\/javascript\" src=\"https:\/\/static.hupso.com\/share\/js\/share_toolbar.js\"><\/script><!-- Hupso Share Buttons --><\/div>","protected":false},"author":2,"featured_media":1605,"comment_status":"closed","ping_status":"closed","sticky":false,"template":"","format":"standard","meta":{"_monsterinsights_skip_tracking":false,"_monsterinsights_sitenote_active":false,"_monsterinsights_sitenote_note":"","_monsterinsights_sitenote_category":0},"categories":[13],"tags":[],"_links":{"self":[{"href":"https:\/\/www.club-vosgien-lemberg.net\/wordpress\/index.php?rest_route=\/wp\/v2\/posts\/1589"}],"collection":[{"href":"https:\/\/www.club-vosgien-lemberg.net\/wordpress\/index.php?rest_route=\/wp\/v2\/posts"}],"about":[{"href":"https:\/\/www.club-vosgien-lemberg.net\/wordpress\/index.php?rest_route=\/wp\/v2\/types\/post"}],"author":[{"embeddable":true,"href":"https:\/\/www.club-vosgien-lemberg.net\/wordpress\/index.php?rest_route=\/wp\/v2\/users\/2"}],"replies":[{"embeddable":true,"href":"https:\/\/www.club-vosgien-lemberg.net\/wordpress\/index.php?rest_route=%2Fwp%2Fv2%2Fcomments&post=1589"}],"version-history":[{"count":4,"href":"https:\/\/www.club-vosgien-lemberg.net\/wordpress\/index.php?rest_route=\/wp\/v2\/posts\/1589\/revisions"}],"predecessor-version":[{"id":1606,"href":"https:\/\/www.club-vosgien-lemberg.net\/wordpress\/index.php?rest_route=\/wp\/v2\/posts\/1589\/revisions\/1606"}],"wp:featuredmedia":[{"embeddable":true,"href":"https:\/\/www.club-vosgien-lemberg.net\/wordpress\/index.php?rest_route=\/wp\/v2\/media\/1605"}],"wp:attachment":[{"href":"https:\/\/www.club-vosgien-lemberg.net\/wordpress\/index.php?rest_route=%2Fwp%2Fv2%2Fmedia&parent=1589"}],"wp:term":[{"taxonomy":"category","embeddable":true,"href":"https:\/\/www.club-vosgien-lemberg.net\/wordpress\/index.php?rest_route=%2Fwp%2Fv2%2Fcategories&post=1589"},{"taxonomy":"post_tag","embeddable":true,"href":"https:\/\/www.club-vosgien-lemberg.net\/wordpress\/index.php?rest_route=%2Fwp%2Fv2%2Ftags&post=1589"}],"curies":[{"name":"wp","href":"https:\/\/api.w.org\/{rel}","templated":true}]}}