{"id":2035,"date":"2018-01-24T11:24:36","date_gmt":"2018-01-24T10:24:36","guid":{"rendered":"http:\/\/www.club-vosgien-lemberg.net\/wordpress\/?p=2035"},"modified":"2018-01-27T17:38:17","modified_gmt":"2018-01-27T16:38:17","slug":"adhesion-ou-re-adhesion-au-club-vosgien-de-lemberg","status":"publish","type":"post","link":"https:\/\/www.club-vosgien-lemberg.net\/wordpress\/?p=2035","title":{"rendered":"Adh\u00e9sion ou r\u00e9-adh\u00e9sion au Club Vosgien de Lemberg"},"content":{"rendered":"<h3>Pourquoi adh\u00e9rer ou r\u00e9-adh\u00e9rer, en 2018, au Club Vosgien de Lemberg ?<\/h3>\n<p>Tout d&rsquo;abord, pour <strong>soutenir une association<\/strong> et faire vivre le <strong>patrimoine local<\/strong>.<br \/>\nEn effet, on ne le dit pas assez, mais le chalet du Club Vosgien de Lemberg a \u00e9t\u00e9 b\u00e2ti des mains des \u00ab\u00a0membres fondateurs\u00a0\u00bb de l&rsquo;association, dans les ann\u00e9es 70.<br \/>\nIl leur aura fallu 4 ans pour \u00e9riger ce b\u00e2timent, avec les moyens de l&rsquo;\u00e9poque et le financement des travaux a \u00e9t\u00e9 fait avec les recettes des manifestations organis\u00e9es.<br \/>\nNous pouvons les remercier pour cela et quel meilleur moyen de le faire qu&rsquo;en faisant vivre ce chalet ?<\/p>\n<p>Ensuite, pourquoi pas, pour <strong>rejoindre le comit\u00e9 ou nos \u00e9quipes de travail<\/strong>, pour les prises de d\u00e9cisions ou l&rsquo;entretien des sentiers, mais \u00e9galement du chalet.<br \/>\nSi aujourd&rsquo;hui, vous pouvez randonner sur les sentiers du Club Vosgien, c&rsquo;est gr\u00e2ce au <strong>d\u00e9vouement de b\u00e9n\u00e9voles<\/strong>, qui prennent sur leur temps personnel, pour travailler quelques journ\u00e9es par an, \u00e0 d\u00e9broussailler, tailler, tron\u00e7onner, baliser, etc. pour que les sentiers soient praticables.<br \/>\nIl se peut que certains sentiers ne soient pas aussi \u00ab\u00a0propres\u00a0\u00bb que voulu, et nous nous en excusons.<br \/>\nNous ne pouvons pas \u00eatre partout \u00e0 la fois et la nature va plus vite que nous.<br \/>\nAlors n&rsquo;h\u00e9sitez pas \u00e0 nous faire part de vos remarques lors de vos randonn\u00e9es sur nos sentiers.<\/p>\n<p>Enfin, pour <strong>partager la randonn\u00e9e<\/strong> ou des repas, <strong>en toute convivialit\u00e9<\/strong> et b\u00e9n\u00e9ficier d&rsquo;une <strong>assurance performante<\/strong>.<br \/>\nVous pouvez profiter de randonn\u00e9es organis\u00e9es par nos <strong>guides b\u00e9n\u00e9voles<\/strong>, qui aiment partager leur passion \u00e0 travers des randonn\u00e9es en semaine (1er jeudi ou mercredi du mois), des randonn\u00e9es culturelles \u00e9galement ou bien certains dimanche.<br \/>\nSi une randonn\u00e9e vous int\u00e9resse, vous n&rsquo;avez qu&rsquo;\u00e0 vous pr\u00e9senter le jour de la sortie, \u00e0 l&rsquo;heure indiqu\u00e9e.<br \/>\nN&rsquo;oubliez pas de vous munir d&rsquo;un \u00e9quipement adapt\u00e9 : chaussures de randonn\u00e9e ou autre (\u00e9viter baskets, ballerines et tongs !), v\u00eatements n\u00e9cessaires en fonction de la m\u00e9t\u00e9o, boisson, en-cas, etc.<\/p>\n<p>Le programme annuel des manifestations est disponible au chalet de l&rsquo;association, mais \u00e9galement \u00e0 l&rsquo;affichage \u00e0 La Poste de Lemberg (une semaine avant la sortie) ou par le biais de notre newsletter ou compte Facebook.<\/p>\n<p><strong>N&rsquo;h\u00e9sitez pas \u00e0 nous contacter pour plus de renseignements !<\/strong><\/p>\n<p>Au plaisir de vous compter parmi nos membres pour cette nouvelle ann\u00e9e !<\/p>\n<p>Anne-Laure, <em>secr\u00e9taire du CVLemberg<\/em><\/p>\n<p>&nbsp;<\/p>\n<p><span style=\"text-decoration: underline;\"><strong>Pour information<\/strong><\/span> :<br \/>\nLes cartes de membres seront de pr\u00e9f\u00e9rence vendues, au chalet de l&rsquo;association ou aupr\u00e8s des membres collecteurs, avant l&rsquo;Assembl\u00e9e G\u00e9n\u00e9rale, qui se tiendra le 17 F\u00e9vrier 2018 \u00e0 18h.<br \/>\n<span style=\"text-decoration: underline;\"><strong>Tarifs<\/strong><\/span> :<br \/>\nPersonne seule : 15 \u20ac<br \/>\nCouple : 25 \u20ac<br \/>\nEnfant : 15 \u20ac<br \/>\nSuppl\u00e9ment pour l&rsquo;abonnement annuel \u00e0 la revue \u00ab\u00a0<em>Les Vosges<\/em>\u00a0\u00bb : + 6 \u20ac<\/p>\n<div style=\"padding-bottom:20px; padding-top:10px;\" class=\"hupso-share-buttons\"><!-- Hupso Share Buttons - https:\/\/www.hupso.com\/share\/ --><a class=\"hupso_toolbar\" href=\"https:\/\/www.hupso.com\/share\/\"><img src=\"https:\/\/static.hupso.com\/share\/buttons\/lang\/fr\/share-medium.png\" style=\"border:0px; padding-top:5px; float:left;\" alt=\"Share Button\"\/><\/a><script type=\"text\/javascript\">var hupso_services_t=new Array(\"Twitter\",\"Facebook\",\"Email\");var hupso_background_t=\"#EAF4FF\";var hupso_border_t=\"#66CCFF\";var hupso_toolbar_size_t=\"medium\";var hupso_image_folder_url = \"\";var hupso_url_t=\"\";var hupso_title_t=\"Adh\u00e9sion ou r\u00e9-adh\u00e9sion au Club Vosgien de Lemberg\";<\/script><script type=\"text\/javascript\" src=\"https:\/\/static.hupso.com\/share\/js\/share_toolbar.js\"><\/script><!-- Hupso Share Buttons --><\/div>","protected":false},"excerpt":{"rendered":"<p>Pourquoi adh\u00e9rer ou r\u00e9-adh\u00e9rer, en 2018, au Club Vosgien de Lemberg ? Tout d&rsquo;abord, pour soutenir une association et faire vivre le patrimoine local. En effet, on ne le dit pas assez, mais le chalet du Club Vosgien de Lemberg a \u00e9t\u00e9 b\u00e2ti des mains des \u00ab\u00a0membres fondateurs\u00a0\u00bb de l&rsquo;association, dans les ann\u00e9es 70. Il [&hellip;]<\/p>\n<div style=\"padding-bottom:20px; padding-top:10px;\" class=\"hupso-share-buttons\"><!-- Hupso Share Buttons - https:\/\/www.hupso.com\/share\/ --><a class=\"hupso_toolbar\" href=\"https:\/\/www.hupso.com\/share\/\"><img src=\"https:\/\/static.hupso.com\/share\/buttons\/lang\/fr\/share-medium.png\" style=\"border:0px; padding-top:5px; float:left;\" alt=\"Share Button\"\/><\/a><script type=\"text\/javascript\">var hupso_services_t=new Array(\"Twitter\",\"Facebook\",\"Email\");var hupso_background_t=\"#EAF4FF\";var hupso_border_t=\"#66CCFF\";var hupso_toolbar_size_t=\"medium\";var hupso_image_folder_url = \"\";var hupso_url_t=\"\";var hupso_title_t=\"Adh\u00e9sion ou r\u00e9-adh\u00e9sion au Club Vosgien de Lemberg\";<\/script><script type=\"text\/javascript\" src=\"https:\/\/static.hupso.com\/share\/js\/share_toolbar.js\"><\/script><!-- Hupso Share Buttons --><\/div>","protected":false},"author":2,"featured_media":2036,"comment_status":"closed","ping_status":"closed","sticky":false,"template":"","format":"standard","meta":{"_monsterinsights_skip_tracking":false,"_monsterinsights_sitenote_active":false,"_monsterinsights_sitenote_note":"","_monsterinsights_sitenote_category":0},"categories":[13],"tags":[],"_links":{"self":[{"href":"https:\/\/www.club-vosgien-lemberg.net\/wordpress\/index.php?rest_route=\/wp\/v2\/posts\/2035"}],"collection":[{"href":"https:\/\/www.club-vosgien-lemberg.net\/wordpress\/index.php?rest_route=\/wp\/v2\/posts"}],"about":[{"href":"https:\/\/www.club-vosgien-lemberg.net\/wordpress\/index.php?rest_route=\/wp\/v2\/types\/post"}],"author":[{"embeddable":true,"href":"https:\/\/www.club-vosgien-lemberg.net\/wordpress\/index.php?rest_route=\/wp\/v2\/users\/2"}],"replies":[{"embeddable":true,"href":"https:\/\/www.club-vosgien-lemberg.net\/wordpress\/index.php?rest_route=%2Fwp%2Fv2%2Fcomments&post=2035"}],"version-history":[{"count":4,"href":"https:\/\/www.club-vosgien-lemberg.net\/wordpress\/index.php?rest_route=\/wp\/v2\/posts\/2035\/revisions"}],"predecessor-version":[{"id":2041,"href":"https:\/\/www.club-vosgien-lemberg.net\/wordpress\/index.php?rest_route=\/wp\/v2\/posts\/2035\/revisions\/2041"}],"wp:featuredmedia":[{"embeddable":true,"href":"https:\/\/www.club-vosgien-lemberg.net\/wordpress\/index.php?rest_route=\/wp\/v2\/media\/2036"}],"wp:attachment":[{"href":"https:\/\/www.club-vosgien-lemberg.net\/wordpress\/index.php?rest_route=%2Fwp%2Fv2%2Fmedia&parent=2035"}],"wp:term":[{"taxonomy":"category","embeddable":true,"href":"https:\/\/www.club-vosgien-lemberg.net\/wordpress\/index.php?rest_route=%2Fwp%2Fv2%2Fcategories&post=2035"},{"taxonomy":"post_tag","embeddable":true,"href":"https:\/\/www.club-vosgien-lemberg.net\/wordpress\/index.php?rest_route=%2Fwp%2Fv2%2Ftags&post=2035"}],"curies":[{"name":"wp","href":"https:\/\/api.w.org\/{rel}","templated":true}]}}