{"id":2698,"date":"2023-05-30T10:30:34","date_gmt":"2023-05-30T09:30:34","guid":{"rendered":"http:\/\/www.club-vosgien-lemberg.net\/wordpress\/?p=2698"},"modified":"2023-05-30T10:30:36","modified_gmt":"2023-05-30T09:30:36","slug":"fete-de-la-musique-2","status":"publish","type":"post","link":"https:\/\/www.club-vosgien-lemberg.net\/wordpress\/?p=2698","title":{"rendered":"F\u00eate de la musique"},"content":{"rendered":"\n<p>Le Club Vosgien de Lemberg vous invite \u00e0 sa 3e \u00e9dition de la f\u00eate de la musique le samedi 24 juin \u00e0 partir de 19h au chalet du Bearenberg<\/p>\n\n\n\n<p>A l&rsquo;affiche : <strong>Les GAGOUSTIQUES<\/strong><\/p>\n\n\n\n<p>Sur place vous trouverez nos d\u00e9licieuses Pizzas\/Flamms, Saucisses-Merguez et bien s\u00fbr de quoi vous d\u00e9salt\u00e9rer \u00e0 nos diff\u00e9rentes buvettes.<\/p>\n\n\n\n<p><strong>Entr\u00e9e libre<\/strong><\/p>\n\n\n\n<figure class=\"wp-block-image size-large\"><a href=\"http:\/\/www.club-vosgien-lemberg.net\/wordpress\/wp-content\/uploads\/2023\/05\/Affiche-Fete-de-la-musique-2023-vert.jpg\"><img decoding=\"async\" loading=\"lazy\" width=\"720\" height=\"1024\" src=\"http:\/\/www.club-vosgien-lemberg.net\/wordpress\/wp-content\/uploads\/2023\/05\/Affiche-Fete-de-la-musique-2023-vert-720x1024.jpg\" alt=\"\" class=\"wp-image-2699\" srcset=\"https:\/\/www.club-vosgien-lemberg.net\/wordpress\/wp-content\/uploads\/2023\/05\/Affiche-Fete-de-la-musique-2023-vert-720x1024.jpg 720w, https:\/\/www.club-vosgien-lemberg.net\/wordpress\/wp-content\/uploads\/2023\/05\/Affiche-Fete-de-la-musique-2023-vert-211x300.jpg 211w, https:\/\/www.club-vosgien-lemberg.net\/wordpress\/wp-content\/uploads\/2023\/05\/Affiche-Fete-de-la-musique-2023-vert-768x1092.jpg 768w, https:\/\/www.club-vosgien-lemberg.net\/wordpress\/wp-content\/uploads\/2023\/05\/Affiche-Fete-de-la-musique-2023-vert-600x853.jpg 600w, https:\/\/www.club-vosgien-lemberg.net\/wordpress\/wp-content\/uploads\/2023\/05\/Affiche-Fete-de-la-musique-2023-vert-1080x1536.jpg 1080w, https:\/\/www.club-vosgien-lemberg.net\/wordpress\/wp-content\/uploads\/2023\/05\/Affiche-Fete-de-la-musique-2023-vert-1441x2048.jpg 1441w, https:\/\/www.club-vosgien-lemberg.net\/wordpress\/wp-content\/uploads\/2023\/05\/Affiche-Fete-de-la-musique-2023-vert.jpg 1634w\" sizes=\"(max-width: 720px) 100vw, 720px\" \/><\/a><\/figure>\n<div style=\"padding-bottom:20px; padding-top:10px;\" class=\"hupso-share-buttons\"><!-- Hupso Share Buttons - https:\/\/www.hupso.com\/share\/ --><a class=\"hupso_toolbar\" href=\"https:\/\/www.hupso.com\/share\/\"><img src=\"https:\/\/static.hupso.com\/share\/buttons\/lang\/fr\/share-medium.png\" style=\"border:0px; padding-top:5px; float:left;\" alt=\"Share Button\"\/><\/a><script type=\"text\/javascript\">var hupso_services_t=new Array(\"Twitter\",\"Facebook\",\"Email\");var hupso_background_t=\"#EAF4FF\";var hupso_border_t=\"#66CCFF\";var hupso_toolbar_size_t=\"medium\";var hupso_image_folder_url = \"\";var hupso_url_t=\"\";var hupso_title_t=\"F\u00eate de la musique\";<\/script><script type=\"text\/javascript\" src=\"https:\/\/static.hupso.com\/share\/js\/share_toolbar.js\"><\/script><!-- Hupso Share Buttons --><\/div>","protected":false},"excerpt":{"rendered":"<p>Le Club Vosgien de Lemberg vous invite \u00e0 sa 3e \u00e9dition de la f\u00eate de la musique le samedi 24 juin \u00e0 partir de 19h au chalet du Bearenberg A l&rsquo;affiche : Les GAGOUSTIQUES Sur place vous trouverez nos d\u00e9licieuses Pizzas\/Flamms, Saucisses-Merguez et bien s\u00fbr de quoi vous d\u00e9salt\u00e9rer \u00e0 nos diff\u00e9rentes buvettes. Entr\u00e9e libre<\/p>\n<div style=\"padding-bottom:20px; padding-top:10px;\" class=\"hupso-share-buttons\"><!-- Hupso Share Buttons - https:\/\/www.hupso.com\/share\/ --><a class=\"hupso_toolbar\" href=\"https:\/\/www.hupso.com\/share\/\"><img src=\"https:\/\/static.hupso.com\/share\/buttons\/lang\/fr\/share-medium.png\" style=\"border:0px; padding-top:5px; float:left;\" alt=\"Share Button\"\/><\/a><script type=\"text\/javascript\">var hupso_services_t=new Array(\"Twitter\",\"Facebook\",\"Email\");var hupso_background_t=\"#EAF4FF\";var hupso_border_t=\"#66CCFF\";var hupso_toolbar_size_t=\"medium\";var hupso_image_folder_url = \"\";var hupso_url_t=\"\";var hupso_title_t=\"F\u00eate de la musique\";<\/script><script type=\"text\/javascript\" src=\"https:\/\/static.hupso.com\/share\/js\/share_toolbar.js\"><\/script><!-- Hupso Share Buttons --><\/div>","protected":false},"author":11,"featured_media":0,"comment_status":"closed","ping_status":"closed","sticky":false,"template":"","format":"standard","meta":{"_monsterinsights_skip_tracking":false,"_monsterinsights_sitenote_active":false,"_monsterinsights_sitenote_note":"","_monsterinsights_sitenote_category":0},"categories":[13],"tags":[],"_links":{"self":[{"href":"https:\/\/www.club-vosgien-lemberg.net\/wordpress\/index.php?rest_route=\/wp\/v2\/posts\/2698"}],"collection":[{"href":"https:\/\/www.club-vosgien-lemberg.net\/wordpress\/index.php?rest_route=\/wp\/v2\/posts"}],"about":[{"href":"https:\/\/www.club-vosgien-lemberg.net\/wordpress\/index.php?rest_route=\/wp\/v2\/types\/post"}],"author":[{"embeddable":true,"href":"https:\/\/www.club-vosgien-lemberg.net\/wordpress\/index.php?rest_route=\/wp\/v2\/users\/11"}],"replies":[{"embeddable":true,"href":"https:\/\/www.club-vosgien-lemberg.net\/wordpress\/index.php?rest_route=%2Fwp%2Fv2%2Fcomments&post=2698"}],"version-history":[{"count":1,"href":"https:\/\/www.club-vosgien-lemberg.net\/wordpress\/index.php?rest_route=\/wp\/v2\/posts\/2698\/revisions"}],"predecessor-version":[{"id":2700,"href":"https:\/\/www.club-vosgien-lemberg.net\/wordpress\/index.php?rest_route=\/wp\/v2\/posts\/2698\/revisions\/2700"}],"wp:attachment":[{"href":"https:\/\/www.club-vosgien-lemberg.net\/wordpress\/index.php?rest_route=%2Fwp%2Fv2%2Fmedia&parent=2698"}],"wp:term":[{"taxonomy":"category","embeddable":true,"href":"https:\/\/www.club-vosgien-lemberg.net\/wordpress\/index.php?rest_route=%2Fwp%2Fv2%2Fcategories&post=2698"},{"taxonomy":"post_tag","embeddable":true,"href":"https:\/\/www.club-vosgien-lemberg.net\/wordpress\/index.php?rest_route=%2Fwp%2Fv2%2Ftags&post=2698"}],"curies":[{"name":"wp","href":"https:\/\/api.w.org\/{rel}","templated":true}]}}