{"id":2702,"date":"2023-06-29T15:45:45","date_gmt":"2023-06-29T14:45:45","guid":{"rendered":"http:\/\/www.club-vosgien-lemberg.net\/wordpress\/?p=2702"},"modified":"2023-08-05T11:32:21","modified_gmt":"2023-08-05T10:32:21","slug":"week-end-randonnee-dans-les-vosges","status":"publish","type":"post","link":"https:\/\/www.club-vosgien-lemberg.net\/wordpress\/?p=2702","title":{"rendered":"ANNULE par manque de participants &#8211; Week-end randonn\u00e9e dans les Vosges"},"content":{"rendered":"\n<p>Le Club Vosgien de Lemberg vous propose un week-end dans les Vosges du <strong>22 au 24 septembre 2023<\/strong>.<\/p>\n\n\n\n<p>L&rsquo;h\u00e9bergement se fera en toute autonomie dans une maison individuelle situ\u00e9e \u00e0 La Bresse ( <a href=\"https:\/\/www.airbnb.fr\/rooms\/51633250?c=.pi80.pkYm9va2luZy92MV9taWdyYXRpb24vcmVzZXJ2YXRpb25fcGVuZGluZ192Mw%3D%3D&amp;euid=d65b8eff-df4b-5172-5bdf-b1f4468354ea&amp;source_impression_id=p3_1651560769_RKns%2F7FbEJ8wH3s4\">LE VERTBRUCHE chalet familial avec superbe vue &#8211; Chalets \u00e0 louer \u00e0 La Bresse, Grand Est, France &#8211; Airbnb<\/a> )<\/p>\n\n\n\n<p>Le Programmes :<\/p>\n\n\n\n<ul>\n<li>D\u00e9part de Lemberg le vendredi en fin d\u2019apr\u00e8s-midi pour une arriv\u00e9e sur place en d\u00e9but de soir\u00e9e<\/li>\n\n\n\n<li>Samedi, journ\u00e9e randonn\u00e9e dans le massif de la Bresse-Hohneck avec repas tir\u00e9 du sac ou en auberge selon notre itin\u00e9raire (sera d\u00e9fini peu avant le s\u00e9jour)<\/li>\n\n\n\n<li>Samedi soir repas festif issu de notre propre cuisine<\/li>\n\n\n\n<li>Dimanche, petite balade ou visite suivi du repas de midi pris au restaurant<\/li>\n\n\n\n<li>Retour sur Lemberg dans l\u2019apr\u00e8s-midi<\/li>\n<\/ul>\n\n\n\n<p>Le prix du s\u00e9jour est estim\u00e9 \u00e0 100\u20ac par personne et sera ajust\u00e9 en fonction du nombre de participants. Ce prix comprend l&rsquo;h\u00e9bergement, les petits d\u00e9jeuner et d\u00eener. Un acompte de <strong>50\u20ac<\/strong> sera demand\u00e9 \u00e0 l&rsquo;inscription.<\/p>\n\n\n\n<p>Renseignement et r\u00e9servation aupr\u00e8s de Denis LEICHTNAM au 06.89.57.96.79 ou denis.leichtnam@gmail.com<\/p>\n\n\n\n<p>Date limite d&rsquo;inscription : <strong>20 Juillet 2023<\/strong><\/p>\n\n\n\n<p>Nombre de places limit\u00e9<\/p>\n\n\n\n<figure class=\"wp-block-image size-full\"><a href=\"http:\/\/www.club-vosgien-lemberg.net\/wordpress\/wp-content\/uploads\/2021\/06\/Photo-Hohneck-2.jpg\"><img decoding=\"async\" loading=\"lazy\" width=\"777\" height=\"496\" src=\"http:\/\/www.club-vosgien-lemberg.net\/wordpress\/wp-content\/uploads\/2021\/06\/Photo-Hohneck-2.jpg\" alt=\"\" class=\"wp-image-2373\" srcset=\"https:\/\/www.club-vosgien-lemberg.net\/wordpress\/wp-content\/uploads\/2021\/06\/Photo-Hohneck-2.jpg 777w, https:\/\/www.club-vosgien-lemberg.net\/wordpress\/wp-content\/uploads\/2021\/06\/Photo-Hohneck-2-300x192.jpg 300w, https:\/\/www.club-vosgien-lemberg.net\/wordpress\/wp-content\/uploads\/2021\/06\/Photo-Hohneck-2-768x490.jpg 768w, https:\/\/www.club-vosgien-lemberg.net\/wordpress\/wp-content\/uploads\/2021\/06\/Photo-Hohneck-2-600x383.jpg 600w\" sizes=\"(max-width: 777px) 100vw, 777px\" \/><\/a><\/figure>\n<div style=\"padding-bottom:20px; padding-top:10px;\" class=\"hupso-share-buttons\"><!-- Hupso Share Buttons - https:\/\/www.hupso.com\/share\/ --><a class=\"hupso_toolbar\" href=\"https:\/\/www.hupso.com\/share\/\"><img src=\"https:\/\/static.hupso.com\/share\/buttons\/lang\/fr\/share-medium.png\" style=\"border:0px; padding-top:5px; float:left;\" alt=\"Share Button\"\/><\/a><script type=\"text\/javascript\">var hupso_services_t=new Array(\"Twitter\",\"Facebook\",\"Email\");var hupso_background_t=\"#EAF4FF\";var hupso_border_t=\"#66CCFF\";var hupso_toolbar_size_t=\"medium\";var hupso_image_folder_url = \"\";var hupso_url_t=\"\";var hupso_title_t=\"ANNULE par manque de participants - Week-end randonn\u00e9e dans les Vosges\";<\/script><script type=\"text\/javascript\" src=\"https:\/\/static.hupso.com\/share\/js\/share_toolbar.js\"><\/script><!-- Hupso Share Buttons --><\/div>","protected":false},"excerpt":{"rendered":"<p>Le Club Vosgien de Lemberg vous propose un week-end dans les Vosges du 22 au 24 septembre 2023. L&rsquo;h\u00e9bergement se fera en toute autonomie dans une maison individuelle situ\u00e9e \u00e0 La Bresse ( LE VERTBRUCHE chalet familial avec superbe vue &#8211; Chalets \u00e0 louer \u00e0 La Bresse, Grand Est, France &#8211; Airbnb ) Le Programmes [&hellip;]<\/p>\n<div style=\"padding-bottom:20px; padding-top:10px;\" class=\"hupso-share-buttons\"><!-- Hupso Share Buttons - https:\/\/www.hupso.com\/share\/ --><a class=\"hupso_toolbar\" href=\"https:\/\/www.hupso.com\/share\/\"><img src=\"https:\/\/static.hupso.com\/share\/buttons\/lang\/fr\/share-medium.png\" style=\"border:0px; padding-top:5px; float:left;\" alt=\"Share Button\"\/><\/a><script type=\"text\/javascript\">var hupso_services_t=new Array(\"Twitter\",\"Facebook\",\"Email\");var hupso_background_t=\"#EAF4FF\";var hupso_border_t=\"#66CCFF\";var hupso_toolbar_size_t=\"medium\";var hupso_image_folder_url = \"\";var hupso_url_t=\"\";var hupso_title_t=\"ANNULE par manque de participants - Week-end randonn\u00e9e dans les Vosges\";<\/script><script type=\"text\/javascript\" src=\"https:\/\/static.hupso.com\/share\/js\/share_toolbar.js\"><\/script><!-- Hupso Share Buttons --><\/div>","protected":false},"author":11,"featured_media":2536,"comment_status":"closed","ping_status":"closed","sticky":false,"template":"","format":"standard","meta":{"_monsterinsights_skip_tracking":false,"_monsterinsights_sitenote_active":false,"_monsterinsights_sitenote_note":"","_monsterinsights_sitenote_category":0},"categories":[13],"tags":[],"_links":{"self":[{"href":"https:\/\/www.club-vosgien-lemberg.net\/wordpress\/index.php?rest_route=\/wp\/v2\/posts\/2702"}],"collection":[{"href":"https:\/\/www.club-vosgien-lemberg.net\/wordpress\/index.php?rest_route=\/wp\/v2\/posts"}],"about":[{"href":"https:\/\/www.club-vosgien-lemberg.net\/wordpress\/index.php?rest_route=\/wp\/v2\/types\/post"}],"author":[{"embeddable":true,"href":"https:\/\/www.club-vosgien-lemberg.net\/wordpress\/index.php?rest_route=\/wp\/v2\/users\/11"}],"replies":[{"embeddable":true,"href":"https:\/\/www.club-vosgien-lemberg.net\/wordpress\/index.php?rest_route=%2Fwp%2Fv2%2Fcomments&post=2702"}],"version-history":[{"count":2,"href":"https:\/\/www.club-vosgien-lemberg.net\/wordpress\/index.php?rest_route=\/wp\/v2\/posts\/2702\/revisions"}],"predecessor-version":[{"id":2707,"href":"https:\/\/www.club-vosgien-lemberg.net\/wordpress\/index.php?rest_route=\/wp\/v2\/posts\/2702\/revisions\/2707"}],"wp:featuredmedia":[{"embeddable":true,"href":"https:\/\/www.club-vosgien-lemberg.net\/wordpress\/index.php?rest_route=\/wp\/v2\/media\/2536"}],"wp:attachment":[{"href":"https:\/\/www.club-vosgien-lemberg.net\/wordpress\/index.php?rest_route=%2Fwp%2Fv2%2Fmedia&parent=2702"}],"wp:term":[{"taxonomy":"category","embeddable":true,"href":"https:\/\/www.club-vosgien-lemberg.net\/wordpress\/index.php?rest_route=%2Fwp%2Fv2%2Fcategories&post=2702"},{"taxonomy":"post_tag","embeddable":true,"href":"https:\/\/www.club-vosgien-lemberg.net\/wordpress\/index.php?rest_route=%2Fwp%2Fv2%2Ftags&post=2702"}],"curies":[{"name":"wp","href":"https:\/\/api.w.org\/{rel}","templated":true}]}}