{"id":2708,"date":"2023-09-07T06:50:40","date_gmt":"2023-09-07T05:50:40","guid":{"rendered":"http:\/\/www.club-vosgien-lemberg.net\/wordpress\/?p=2708"},"modified":"2023-09-07T06:50:41","modified_gmt":"2023-09-07T05:50:41","slug":"les-50-ans-du-chalet-cvl","status":"publish","type":"post","link":"https:\/\/www.club-vosgien-lemberg.net\/wordpress\/?p=2708","title":{"rendered":"Les 50 ans du chalet CVL"},"content":{"rendered":"\n<p>Nous f\u00eatons cette ann\u00e9e les 50 ans de l&rsquo;inauguration du chalet CV Lemberg qui a eu lieu en 1973.<\/p>\n\n\n\n<p>Le temps est loin o\u00f9 une poign\u00e9e de b\u00e9n\u00e9voles ont \u0153uvr\u00e9 pendant plusieurs ann\u00e9es afin de r\u00e9aliser la construction de notre chalet refuge aujourd&rsquo;hui connu et reconnu dans bien des r\u00e9gions fran\u00e7aise et d&rsquo;outre Rhin. Nous nous effor\u00e7ons au quotidien d&rsquo;entretenir et de faire \u00e9voluer ce lieu afin de le rendre plus op\u00e9rationnel et attractif pour tous nos locataires.<\/p>\n\n\n\n<figure class=\"wp-block-image size-large\"><a href=\"http:\/\/www.club-vosgien-lemberg.net\/wordpress\/wp-content\/uploads\/2023\/09\/20230905_203231-scaled.jpg\"><img decoding=\"async\" loading=\"lazy\" width=\"1024\" height=\"697\" src=\"http:\/\/www.club-vosgien-lemberg.net\/wordpress\/wp-content\/uploads\/2023\/09\/20230905_203231-1024x697.jpg\" alt=\"\" class=\"wp-image-2711\" srcset=\"https:\/\/www.club-vosgien-lemberg.net\/wordpress\/wp-content\/uploads\/2023\/09\/20230905_203231-1024x697.jpg 1024w, https:\/\/www.club-vosgien-lemberg.net\/wordpress\/wp-content\/uploads\/2023\/09\/20230905_203231-300x204.jpg 300w, https:\/\/www.club-vosgien-lemberg.net\/wordpress\/wp-content\/uploads\/2023\/09\/20230905_203231-768x522.jpg 768w, https:\/\/www.club-vosgien-lemberg.net\/wordpress\/wp-content\/uploads\/2023\/09\/20230905_203231-600x408.jpg 600w, https:\/\/www.club-vosgien-lemberg.net\/wordpress\/wp-content\/uploads\/2023\/09\/20230905_203231-1536x1045.jpg 1536w, https:\/\/www.club-vosgien-lemberg.net\/wordpress\/wp-content\/uploads\/2023\/09\/20230905_203231-2048x1393.jpg 2048w\" sizes=\"(max-width: 1024px) 100vw, 1024px\" \/><\/a><\/figure>\n\n\n\n<figure class=\"wp-block-image size-full\"><a href=\"http:\/\/www.club-vosgien-lemberg.net\/wordpress\/wp-content\/uploads\/2023\/09\/Photo-exterieure-1.jpg\"><img decoding=\"async\" loading=\"lazy\" width=\"931\" height=\"526\" src=\"http:\/\/www.club-vosgien-lemberg.net\/wordpress\/wp-content\/uploads\/2023\/09\/Photo-exterieure-1.jpg\" alt=\"\" class=\"wp-image-2713\" srcset=\"https:\/\/www.club-vosgien-lemberg.net\/wordpress\/wp-content\/uploads\/2023\/09\/Photo-exterieure-1.jpg 931w, https:\/\/www.club-vosgien-lemberg.net\/wordpress\/wp-content\/uploads\/2023\/09\/Photo-exterieure-1-300x169.jpg 300w, https:\/\/www.club-vosgien-lemberg.net\/wordpress\/wp-content\/uploads\/2023\/09\/Photo-exterieure-1-768x434.jpg 768w, https:\/\/www.club-vosgien-lemberg.net\/wordpress\/wp-content\/uploads\/2023\/09\/Photo-exterieure-1-600x339.jpg 600w\" sizes=\"(max-width: 931px) 100vw, 931px\" \/><\/a><\/figure>\n\n\n\n<p>A cette occasion nous organisons une soir\u00e9e anniversaire le samedi 16 septembre afin de rendre hommage \u00e0 cette r\u00e9alisation et de retracer ensemble son \u00e9volution. Ci-dessous l&rsquo;affiche de la soir\u00e9e.<\/p>\n\n\n\n<figure class=\"wp-block-image size-large\"><a href=\"http:\/\/www.club-vosgien-lemberg.net\/wordpress\/wp-content\/uploads\/2023\/09\/Affiche-50e-anniversaire-2023.jpg\"><img decoding=\"async\" loading=\"lazy\" width=\"724\" height=\"1024\" src=\"http:\/\/www.club-vosgien-lemberg.net\/wordpress\/wp-content\/uploads\/2023\/09\/Affiche-50e-anniversaire-2023-724x1024.jpg\" alt=\"\" class=\"wp-image-2714\" srcset=\"https:\/\/www.club-vosgien-lemberg.net\/wordpress\/wp-content\/uploads\/2023\/09\/Affiche-50e-anniversaire-2023-724x1024.jpg 724w, https:\/\/www.club-vosgien-lemberg.net\/wordpress\/wp-content\/uploads\/2023\/09\/Affiche-50e-anniversaire-2023-212x300.jpg 212w, https:\/\/www.club-vosgien-lemberg.net\/wordpress\/wp-content\/uploads\/2023\/09\/Affiche-50e-anniversaire-2023-768x1086.jpg 768w, https:\/\/www.club-vosgien-lemberg.net\/wordpress\/wp-content\/uploads\/2023\/09\/Affiche-50e-anniversaire-2023-600x849.jpg 600w, https:\/\/www.club-vosgien-lemberg.net\/wordpress\/wp-content\/uploads\/2023\/09\/Affiche-50e-anniversaire-2023-1086x1536.jpg 1086w, https:\/\/www.club-vosgien-lemberg.net\/wordpress\/wp-content\/uploads\/2023\/09\/Affiche-50e-anniversaire-2023-1448x2048.jpg 1448w, https:\/\/www.club-vosgien-lemberg.net\/wordpress\/wp-content\/uploads\/2023\/09\/Affiche-50e-anniversaire-2023.jpg 1647w\" sizes=\"(max-width: 724px) 100vw, 724px\" \/><\/a><\/figure>\n<div style=\"padding-bottom:20px; padding-top:10px;\" class=\"hupso-share-buttons\"><!-- Hupso Share Buttons - https:\/\/www.hupso.com\/share\/ --><a class=\"hupso_toolbar\" href=\"https:\/\/www.hupso.com\/share\/\"><img src=\"https:\/\/static.hupso.com\/share\/buttons\/lang\/fr\/share-medium.png\" style=\"border:0px; padding-top:5px; float:left;\" alt=\"Share Button\"\/><\/a><script type=\"text\/javascript\">var hupso_services_t=new Array(\"Twitter\",\"Facebook\",\"Email\");var hupso_background_t=\"#EAF4FF\";var hupso_border_t=\"#66CCFF\";var hupso_toolbar_size_t=\"medium\";var hupso_image_folder_url = \"\";var hupso_url_t=\"\";var hupso_title_t=\"Les 50 ans du chalet CVL\";<\/script><script type=\"text\/javascript\" src=\"https:\/\/static.hupso.com\/share\/js\/share_toolbar.js\"><\/script><!-- Hupso Share Buttons --><\/div>","protected":false},"excerpt":{"rendered":"<p>Nous f\u00eatons cette ann\u00e9e les 50 ans de l&rsquo;inauguration du chalet CV Lemberg qui a eu lieu en 1973. Le temps est loin o\u00f9 une poign\u00e9e de b\u00e9n\u00e9voles ont \u0153uvr\u00e9 pendant plusieurs ann\u00e9es afin de r\u00e9aliser la construction de notre chalet refuge aujourd&rsquo;hui connu et reconnu dans bien des r\u00e9gions fran\u00e7aise et d&rsquo;outre Rhin. Nous [&hellip;]<\/p>\n<div style=\"padding-bottom:20px; padding-top:10px;\" class=\"hupso-share-buttons\"><!-- Hupso Share Buttons - https:\/\/www.hupso.com\/share\/ --><a class=\"hupso_toolbar\" href=\"https:\/\/www.hupso.com\/share\/\"><img src=\"https:\/\/static.hupso.com\/share\/buttons\/lang\/fr\/share-medium.png\" style=\"border:0px; padding-top:5px; float:left;\" alt=\"Share Button\"\/><\/a><script type=\"text\/javascript\">var hupso_services_t=new Array(\"Twitter\",\"Facebook\",\"Email\");var hupso_background_t=\"#EAF4FF\";var hupso_border_t=\"#66CCFF\";var hupso_toolbar_size_t=\"medium\";var hupso_image_folder_url = \"\";var hupso_url_t=\"\";var hupso_title_t=\"Les 50 ans du chalet CVL\";<\/script><script type=\"text\/javascript\" src=\"https:\/\/static.hupso.com\/share\/js\/share_toolbar.js\"><\/script><!-- Hupso Share Buttons --><\/div>","protected":false},"author":11,"featured_media":2710,"comment_status":"closed","ping_status":"closed","sticky":false,"template":"","format":"standard","meta":{"_monsterinsights_skip_tracking":false,"_monsterinsights_sitenote_active":false,"_monsterinsights_sitenote_note":"","_monsterinsights_sitenote_category":0},"categories":[13],"tags":[],"_links":{"self":[{"href":"https:\/\/www.club-vosgien-lemberg.net\/wordpress\/index.php?rest_route=\/wp\/v2\/posts\/2708"}],"collection":[{"href":"https:\/\/www.club-vosgien-lemberg.net\/wordpress\/index.php?rest_route=\/wp\/v2\/posts"}],"about":[{"href":"https:\/\/www.club-vosgien-lemberg.net\/wordpress\/index.php?rest_route=\/wp\/v2\/types\/post"}],"author":[{"embeddable":true,"href":"https:\/\/www.club-vosgien-lemberg.net\/wordpress\/index.php?rest_route=\/wp\/v2\/users\/11"}],"replies":[{"embeddable":true,"href":"https:\/\/www.club-vosgien-lemberg.net\/wordpress\/index.php?rest_route=%2Fwp%2Fv2%2Fcomments&post=2708"}],"version-history":[{"count":2,"href":"https:\/\/www.club-vosgien-lemberg.net\/wordpress\/index.php?rest_route=\/wp\/v2\/posts\/2708\/revisions"}],"predecessor-version":[{"id":2715,"href":"https:\/\/www.club-vosgien-lemberg.net\/wordpress\/index.php?rest_route=\/wp\/v2\/posts\/2708\/revisions\/2715"}],"wp:featuredmedia":[{"embeddable":true,"href":"https:\/\/www.club-vosgien-lemberg.net\/wordpress\/index.php?rest_route=\/wp\/v2\/media\/2710"}],"wp:attachment":[{"href":"https:\/\/www.club-vosgien-lemberg.net\/wordpress\/index.php?rest_route=%2Fwp%2Fv2%2Fmedia&parent=2708"}],"wp:term":[{"taxonomy":"category","embeddable":true,"href":"https:\/\/www.club-vosgien-lemberg.net\/wordpress\/index.php?rest_route=%2Fwp%2Fv2%2Fcategories&post=2708"},{"taxonomy":"post_tag","embeddable":true,"href":"https:\/\/www.club-vosgien-lemberg.net\/wordpress\/index.php?rest_route=%2Fwp%2Fv2%2Ftags&post=2708"}],"curies":[{"name":"wp","href":"https:\/\/api.w.org\/{rel}","templated":true}]}}