{"id":2778,"date":"2024-02-29T08:06:54","date_gmt":"2024-02-29T07:06:54","guid":{"rendered":"http:\/\/www.club-vosgien-lemberg.net\/wordpress\/?p=2778"},"modified":"2024-02-29T08:06:55","modified_gmt":"2024-02-29T07:06:55","slug":"sortie-printaniere-du-district-1-3","status":"publish","type":"post","link":"https:\/\/www.club-vosgien-lemberg.net\/wordpress\/?p=2778","title":{"rendered":"Sortie printani\u00e8re du district 1"},"content":{"rendered":"\n<p>L\u2019Association du Club Vosgien du Val de Moder, organise cette ann\u00e9e la<\/p>\n\n\n\n<p>\u00ab Sortie Printani\u00e8re du District 1 \u00bb le <strong>dimanche 7 avril<\/strong>.<\/p>\n\n\n\n<p>A cet effet, le comit\u00e9 propose une randonn\u00e9e au d\u00e9part de la <strong>Salle des F\u00eates de Niedermodern<\/strong> vers Pfaffenhoffen et Ringeldorf pour revenir \u00e0 la salle o\u00f9 sera pris le repas en commun.<\/p>\n\n\n\n<p>Deux itin\u00e9raires seront propos\u00e9s : un de 10km qui conduira \u00e0 de remarquables points de vue \u00e0 partir des collines environnantes et un deuxi\u00e8me plus court qui fera d\u00e9couvrir<strong><em> \u00ab\u00a0les maisons peintes\u00a0\u00bb <\/em><\/strong>de Pfaffenhoffen.<\/p>\n\n\n\n<p>Pour innover, un circuit de 10km dans la for\u00eat d\u2019Uberach sera propos\u00e9 aux amateurs de Marche Nordique.<\/p>\n\n\n\n<p>Programme :<\/p>\n\n\n\n<ul>\n<li>Accueil \u00e0 partir de 9h00 <strong>\u00e0 la Salle des F\u00eates (Mairie et Stade) \u00e0 Niedermodern<\/strong><\/li>\n\n\n\n<li>9h30 d\u00e9part pour le grand circuit et les Nordique Marcheurs<\/li>\n\n\n\n<li>10h d\u00e9part pour le circuit promenade.<\/li>\n\n\n\n<li>Repas \u00e0 partir de 12h30<ul><li>Baeckeofe, dessert et caf\u00e9<\/li><\/ul>\n<ul>\n<li>Prix 22\u20ac caf\u00e9 compris, hors boissons.<\/li>\n<\/ul>\n<\/li>\n<\/ul>\n\n\n\n<p>Tous les membres des associations du District 1 sont cordialement invit\u00e9s \u00e0 cette sortie.<\/p>\n\n\n\n<p>&nbsp;&nbsp;&nbsp;&nbsp;&nbsp;&nbsp;&nbsp;&nbsp;&nbsp;&nbsp;&nbsp;&nbsp;&nbsp;&nbsp;&nbsp;&nbsp;&nbsp;&nbsp;&nbsp;&nbsp;&nbsp;&nbsp;&nbsp;&nbsp;&nbsp;&nbsp;&nbsp;&nbsp;&nbsp;&nbsp;&nbsp;&nbsp;&nbsp;&nbsp;&nbsp;&nbsp;&nbsp;&nbsp;&nbsp;&nbsp;&nbsp;&nbsp;&nbsp;&nbsp;&nbsp;&nbsp;&nbsp;&nbsp;&nbsp;&nbsp;&nbsp;&nbsp;&nbsp;&nbsp;&nbsp;&nbsp;&nbsp;&nbsp;&nbsp;&nbsp;&nbsp;&nbsp;&nbsp;&nbsp;&nbsp;&nbsp;&nbsp;&nbsp;&nbsp;&nbsp;&nbsp;&nbsp;&nbsp;&nbsp;&nbsp;&nbsp;&nbsp;&nbsp;&nbsp;&nbsp;&nbsp;&nbsp;&nbsp;&nbsp;&nbsp;&nbsp;&nbsp;&nbsp;&nbsp;&nbsp;&nbsp;&nbsp;&nbsp;&nbsp;&nbsp;&nbsp;&nbsp;&nbsp;&nbsp;&nbsp;&nbsp;&nbsp;&nbsp;&nbsp;&nbsp;&nbsp;&nbsp;&nbsp; &nbsp;&nbsp;&nbsp;&nbsp;&nbsp;&nbsp;&nbsp;&nbsp;&nbsp;&nbsp;Le Comit\u00e9 Organisateur<\/p>\n\n\n\n<figure class=\"wp-block-table\"><table><tbody><tr><td><strong>SORTIE PRINTANIERE DU CV VAL DE MODER (Talon r\u00e9ponse)<\/strong><br>Merci de confirmer votre participation soit par retour du talon, soit par e-mail \u00e0 l\u2019adresse suivante pour le 20 mars au plus tard.<br><a><strong>Mme Suzanne Fischbach<\/strong><\/a> \u00a0\u00a0\u00a05, rue des M\u00e9sanges Pfaffenhoffen<br>             \u00a0\u00a0 \u00a0\u00a0\u00a0\u00a0\u00a0\u00a0\u00a0\u00a0\u00a0\u00a0\u00a0\u00a0\u00a0\u00a0\u00a0\u00a0\u00a0\u00a0\u00a0\u00a0\u00a0\u00a0\u00a0 \u00a0\u00a0\u00a0\u00a0\u00a067350 VAL DE MODER<br>                     \u00a0\u00a0\u00a0\u00a0\u00a0\u00a0\u00a0\u00a0\u00a0\u00a0\u00a0\u00a0\u00a0\u00a0\u00a0\u00a0\u00a0\u00a0\u00a0\u00a0\u00a0\u00a0 \u00a0E-Mail\u00a0 \u00a0\u00a0<em><u><a href=\"mailto:sfischbach@numericable.fr\">sfischbach@numericable.fr<\/a><\/u><\/em><br><em>Accompagn\u00e9 d\u2019un<\/em> <em><u>ch\u00e8que \u00e0 l\u2019ordre du Club Vosgien du Val de Moder<\/u><\/em><br><strong>Club Vosgien de <u>\u00a0\u00a0\u00a0\u00a0\u00a0\u00a0\u00a0\u00a0\u00a0\u00a0\u00a0\u00a0\u00a0\u00a0\u00a0\u00a0\u00a0\u00a0\u00a0\u00a0\u00a0\u00a0\u00a0\u00a0\u00a0\u00a0\u00a0\u00a0\u00a0\u00a0\u00a0\u00a0\u00a0\u00a0\u00a0\u00a0\u00a0\u00a0\u00a0\u00a0\u00a0\u00a0\u00a0\u00a0\u00a0\u00a0\u00a0\u00a0\u00a0\u00a0\u00a0\u00a0\u00a0\u00a0\u00a0\u00a0\u00a0\u00a0\u00a0\u00a0\u00a0 \u00a0<\/u><\/strong><br>Participera \u00e0 la <strong><em>SORTIE PRINTANIERE <\/em><\/strong>du dimanche 7 avril<br>Nombre de personnes marcheurs\u00a0:<br>Nombre de repas\u00a0:\u00a0 \u00a0\u00a0\u00a0\u00a0\u00a0\u00a0\u00a0\u00a0\u00a0\u00a0\u00a0\u00a0\u00a0\u00a0\u00a0\u00a0\u00a0x 22\u20ac =\u00a0\u00a0\u00a0\u00a0\u00a0\u00a0\u00a0\u00a0\u00a0\u00a0\u00a0\u00a0\u00a0\u00a0\u00a0\u00a0\u00a0\u00a0\u00a0\u00a0\u00a0\u00a0\u00a0\u00a0\u00a0\u00a0\u00a0\u00a0\u00a0\u00a0 \u00a0<em>\u00a0<\/em>\u00a0 \u00a0<\/td><\/tr><\/tbody><\/table><\/figure>\n<div style=\"padding-bottom:20px; padding-top:10px;\" class=\"hupso-share-buttons\"><!-- Hupso Share Buttons - https:\/\/www.hupso.com\/share\/ --><a class=\"hupso_toolbar\" href=\"https:\/\/www.hupso.com\/share\/\"><img src=\"https:\/\/static.hupso.com\/share\/buttons\/lang\/fr\/share-medium.png\" style=\"border:0px; padding-top:5px; float:left;\" alt=\"Share Button\"\/><\/a><script type=\"text\/javascript\">var hupso_services_t=new Array(\"Twitter\",\"Facebook\",\"Email\");var hupso_background_t=\"#EAF4FF\";var hupso_border_t=\"#66CCFF\";var hupso_toolbar_size_t=\"medium\";var hupso_image_folder_url = \"\";var hupso_url_t=\"\";var hupso_title_t=\"Sortie printani\u00e8re du district 1\";<\/script><script type=\"text\/javascript\" src=\"https:\/\/static.hupso.com\/share\/js\/share_toolbar.js\"><\/script><!-- Hupso Share Buttons --><\/div>","protected":false},"excerpt":{"rendered":"<p>L\u2019Association du Club Vosgien du Val de Moder, organise cette ann\u00e9e la \u00ab Sortie Printani\u00e8re du District 1 \u00bb le dimanche 7 avril. A cet effet, le comit\u00e9 propose une randonn\u00e9e au d\u00e9part de la Salle des F\u00eates de Niedermodern vers Pfaffenhoffen et Ringeldorf pour revenir \u00e0 la salle o\u00f9 sera pris le repas en [&hellip;]<\/p>\n<div style=\"padding-bottom:20px; padding-top:10px;\" class=\"hupso-share-buttons\"><!-- Hupso Share Buttons - https:\/\/www.hupso.com\/share\/ --><a class=\"hupso_toolbar\" href=\"https:\/\/www.hupso.com\/share\/\"><img src=\"https:\/\/static.hupso.com\/share\/buttons\/lang\/fr\/share-medium.png\" style=\"border:0px; padding-top:5px; float:left;\" alt=\"Share Button\"\/><\/a><script type=\"text\/javascript\">var hupso_services_t=new Array(\"Twitter\",\"Facebook\",\"Email\");var hupso_background_t=\"#EAF4FF\";var hupso_border_t=\"#66CCFF\";var hupso_toolbar_size_t=\"medium\";var hupso_image_folder_url = \"\";var hupso_url_t=\"\";var hupso_title_t=\"Sortie printani\u00e8re du district 1\";<\/script><script type=\"text\/javascript\" src=\"https:\/\/static.hupso.com\/share\/js\/share_toolbar.js\"><\/script><!-- Hupso Share Buttons --><\/div>","protected":false},"author":11,"featured_media":2779,"comment_status":"closed","ping_status":"closed","sticky":false,"template":"","format":"standard","meta":{"_monsterinsights_skip_tracking":false,"_monsterinsights_sitenote_active":false,"_monsterinsights_sitenote_note":"","_monsterinsights_sitenote_category":0},"categories":[13],"tags":[],"_links":{"self":[{"href":"https:\/\/www.club-vosgien-lemberg.net\/wordpress\/index.php?rest_route=\/wp\/v2\/posts\/2778"}],"collection":[{"href":"https:\/\/www.club-vosgien-lemberg.net\/wordpress\/index.php?rest_route=\/wp\/v2\/posts"}],"about":[{"href":"https:\/\/www.club-vosgien-lemberg.net\/wordpress\/index.php?rest_route=\/wp\/v2\/types\/post"}],"author":[{"embeddable":true,"href":"https:\/\/www.club-vosgien-lemberg.net\/wordpress\/index.php?rest_route=\/wp\/v2\/users\/11"}],"replies":[{"embeddable":true,"href":"https:\/\/www.club-vosgien-lemberg.net\/wordpress\/index.php?rest_route=%2Fwp%2Fv2%2Fcomments&post=2778"}],"version-history":[{"count":1,"href":"https:\/\/www.club-vosgien-lemberg.net\/wordpress\/index.php?rest_route=\/wp\/v2\/posts\/2778\/revisions"}],"predecessor-version":[{"id":2780,"href":"https:\/\/www.club-vosgien-lemberg.net\/wordpress\/index.php?rest_route=\/wp\/v2\/posts\/2778\/revisions\/2780"}],"wp:featuredmedia":[{"embeddable":true,"href":"https:\/\/www.club-vosgien-lemberg.net\/wordpress\/index.php?rest_route=\/wp\/v2\/media\/2779"}],"wp:attachment":[{"href":"https:\/\/www.club-vosgien-lemberg.net\/wordpress\/index.php?rest_route=%2Fwp%2Fv2%2Fmedia&parent=2778"}],"wp:term":[{"taxonomy":"category","embeddable":true,"href":"https:\/\/www.club-vosgien-lemberg.net\/wordpress\/index.php?rest_route=%2Fwp%2Fv2%2Fcategories&post=2778"},{"taxonomy":"post_tag","embeddable":true,"href":"https:\/\/www.club-vosgien-lemberg.net\/wordpress\/index.php?rest_route=%2Fwp%2Fv2%2Ftags&post=2778"}],"curies":[{"name":"wp","href":"https:\/\/api.w.org\/{rel}","templated":true}]}}