{"id":295,"date":"2011-03-31T15:14:54","date_gmt":"2011-03-31T14:14:54","guid":{"rendered":"http:\/\/www.club-vosgien-lemberg.net\/wordpress\/?p=295"},"modified":"2011-04-21T13:08:24","modified_gmt":"2011-04-21T12:08:24","slug":"la-sortie-du-17-avril","status":"publish","type":"post","link":"https:\/\/www.club-vosgien-lemberg.net\/wordpress\/?p=295","title":{"rendered":"La sortie du 17 avril"},"content":{"rendered":"<p>Andr\u00e9 Neiter nous propose le 17 avril une sortie au caract\u00e8re\u00a0exceptionnel\u00a0! D\u00e9part \u00e0 9h00 au chalet, puis covoiturage jusqu&rsquo;\u00e0 Ernolsheim les Saverne. Un parcours de 5 heures vous ferra d\u00e9couvrir :<\/p>\n<p><a href=\"http:\/\/www.club-vosgien-lemberg.net\/wordpress\/wp-content\/uploads\/2011\/03\/image2.jpg\"><img decoding=\"async\" loading=\"lazy\" class=\"alignleft size-thumbnail wp-image-303\" title=\"image2\" src=\"http:\/\/www.club-vosgien-lemberg.net\/wordpress\/wp-content\/uploads\/2011\/03\/image2-150x150.jpg\" alt=\"\" width=\"150\" height=\"150\" \/><\/a><strong>Le\u00a0ch\u00e2teau\u00a0du Wartenberg<\/strong>,\u00a0d\u00e9couvert\u00a0en 1979 \u00a0(oui, vous avez bien lu&#8230;). Appel\u00e9 dans un premier temps Daubenschlag, du nom du rocher sur lequel il se trouve, il a \u00e9t\u00e9 rebaptis\u00e9 en Warthenberg selon l&rsquo;avis des historiens, ce nom \u00e9tant retrouv\u00e9 dans des \u00e9crits anciens.<\/p>\n<p>&nbsp;<\/p>\n<p><!--more--><\/p>\n<p><a href=\"http:\/\/www.club-vosgien-lemberg.net\/wordpress\/wp-content\/uploads\/2011\/03\/image3.jpg\"><img decoding=\"async\" loading=\"lazy\" class=\"size-thumbnail wp-image-304 alignleft\" title=\"cupules\" src=\"http:\/\/www.club-vosgien-lemberg.net\/wordpress\/wp-content\/uploads\/2011\/03\/image3-150x150.jpg\" alt=\"\" width=\"150\" height=\"150\" \/><\/a><strong>Les cupules de sorci\u00e8res<\/strong> : anciens lieux de culte celtique, curiosit\u00e9 g\u00e9ologique, point de rencontre des sorci\u00e8res ou moulin \u00e0 grains ? Chacun pourra se faire son\u00a0opinion\u00a0sur place !<\/p>\n<p>&nbsp;<\/p>\n<p>&nbsp;<\/p>\n<p><a href=\"http:\/\/www.club-vosgien-lemberg.net\/wordpress\/wp-content\/uploads\/2011\/03\/image5.jpg\"><img decoding=\"async\" loading=\"lazy\" class=\"alignleft size-thumbnail wp-image-305\" title=\"image5\" src=\"http:\/\/www.club-vosgien-lemberg.net\/wordpress\/wp-content\/uploads\/2011\/03\/image5-150x150.jpg\" alt=\"\" width=\"150\" height=\"150\" \/><\/a>La chapelle Saint Michel. Les premi\u00e8res mentions ce cette chapelle remontent \u00e0 1371. 7 si\u00e8cles nous contemplent depuis son clocher !<\/p>\n<p>&nbsp;<\/p>\n<p>&nbsp;<\/p>\n<p><a href=\"http:\/\/www.club-vosgien-lemberg.net\/wordpress\/wp-content\/uploads\/2011\/03\/image6.jpg\"><img decoding=\"async\" loading=\"lazy\" class=\"alignleft size-thumbnail wp-image-306\" title=\"image6\" src=\"http:\/\/www.club-vosgien-lemberg.net\/wordpress\/wp-content\/uploads\/2011\/03\/image6-150x150.jpg\" alt=\"\" width=\"150\" height=\"150\" \/><\/a><strong>Le refuge du Club Vosgien<\/strong> de Saint Jean de Saverne, ou sera pris le repas de midi. Construit en 1967 et agrandit en 1973 et 2005 il accueille tous les dimanches tous les randonneurs.<\/p>\n<p>&nbsp;<\/p>\n<p>&nbsp;<\/p>\n<p>Le retour \u00e0 Lemberg se fera en fin d&rsquo;apr\u00e8s midi.<\/p>\n<p><object width=\"425\" height=\"349\"><param name=\"movie\" value=\"http:\/\/www.youtube.com\/v\/nAU6jUZKHHQ?fs=1&amp;hl=fr_FR\" \/><param name=\"allowFullScreen\" value=\"true\" \/><param name=\"allowscriptaccess\" value=\"always\" \/><embed type=\"application\/x-shockwave-flash\" width=\"425\" height=\"349\" src=\"http:\/\/www.youtube.com\/v\/nAU6jUZKHHQ?fs=1&amp;hl=fr_FR\" allowfullscreen=\"true\" allowscriptaccess=\"always\"><\/embed><\/object><br \/>\nPropos et images extraites de\u00a0l\u2019excellent\u00a0site \u00ab\u00a0<a href=\"http:\/\/vosgesdunord.jimdo.com\/photos\/autres-sites-remarquables\/sentier-arch%C3%A9ologique\/\" target=\"_blank\">Vosges du Nord<\/a>\u00ab\u00a0<\/p>\n<div style=\"padding-bottom:20px; padding-top:10px;\" class=\"hupso-share-buttons\"><!-- Hupso Share Buttons - https:\/\/www.hupso.com\/share\/ --><a class=\"hupso_toolbar\" href=\"https:\/\/www.hupso.com\/share\/\"><img src=\"https:\/\/static.hupso.com\/share\/buttons\/lang\/fr\/share-medium.png\" style=\"border:0px; padding-top:5px; float:left;\" alt=\"Share Button\"\/><\/a><script type=\"text\/javascript\">var hupso_services_t=new Array(\"Twitter\",\"Facebook\",\"Email\");var hupso_background_t=\"#EAF4FF\";var hupso_border_t=\"#66CCFF\";var hupso_toolbar_size_t=\"medium\";var hupso_image_folder_url = \"\";var hupso_url_t=\"\";var hupso_title_t=\"La sortie du 17 avril\";<\/script><script type=\"text\/javascript\" src=\"https:\/\/static.hupso.com\/share\/js\/share_toolbar.js\"><\/script><!-- Hupso Share Buttons --><\/div>","protected":false},"excerpt":{"rendered":"<p>Andr\u00e9 Neiter nous propose le 17 avril une sortie au caract\u00e8re\u00a0exceptionnel\u00a0! D\u00e9part \u00e0 9h00 au chalet, puis covoiturage jusqu&rsquo;\u00e0 Ernolsheim les Saverne. Un parcours de 5 heures vous ferra d\u00e9couvrir : Le\u00a0ch\u00e2teau\u00a0du Wartenberg,\u00a0d\u00e9couvert\u00a0en 1979 \u00a0(oui, vous avez bien lu&#8230;). Appel\u00e9 dans un premier temps Daubenschlag, du nom du rocher sur lequel il se trouve, il [&hellip;]<\/p>\n<div style=\"padding-bottom:20px; padding-top:10px;\" class=\"hupso-share-buttons\"><!-- Hupso Share Buttons - https:\/\/www.hupso.com\/share\/ --><a class=\"hupso_toolbar\" href=\"https:\/\/www.hupso.com\/share\/\"><img src=\"https:\/\/static.hupso.com\/share\/buttons\/lang\/fr\/share-medium.png\" style=\"border:0px; padding-top:5px; float:left;\" alt=\"Share Button\"\/><\/a><script type=\"text\/javascript\">var hupso_services_t=new Array(\"Twitter\",\"Facebook\",\"Email\");var hupso_background_t=\"#EAF4FF\";var hupso_border_t=\"#66CCFF\";var hupso_toolbar_size_t=\"medium\";var hupso_image_folder_url = \"\";var hupso_url_t=\"\";var hupso_title_t=\"La sortie du 17 avril\";<\/script><script type=\"text\/javascript\" src=\"https:\/\/static.hupso.com\/share\/js\/share_toolbar.js\"><\/script><!-- Hupso Share Buttons --><\/div>","protected":false},"author":2,"featured_media":0,"comment_status":"closed","ping_status":"closed","sticky":false,"template":"","format":"gallery","meta":{"_monsterinsights_skip_tracking":false,"_monsterinsights_sitenote_active":false,"_monsterinsights_sitenote_note":"","_monsterinsights_sitenote_category":0},"categories":[13,29],"tags":[26,27,25,20],"_links":{"self":[{"href":"https:\/\/www.club-vosgien-lemberg.net\/wordpress\/index.php?rest_route=\/wp\/v2\/posts\/295"}],"collection":[{"href":"https:\/\/www.club-vosgien-lemberg.net\/wordpress\/index.php?rest_route=\/wp\/v2\/posts"}],"about":[{"href":"https:\/\/www.club-vosgien-lemberg.net\/wordpress\/index.php?rest_route=\/wp\/v2\/types\/post"}],"author":[{"embeddable":true,"href":"https:\/\/www.club-vosgien-lemberg.net\/wordpress\/index.php?rest_route=\/wp\/v2\/users\/2"}],"replies":[{"embeddable":true,"href":"https:\/\/www.club-vosgien-lemberg.net\/wordpress\/index.php?rest_route=%2Fwp%2Fv2%2Fcomments&post=295"}],"version-history":[{"count":33,"href":"https:\/\/www.club-vosgien-lemberg.net\/wordpress\/index.php?rest_route=\/wp\/v2\/posts\/295\/revisions"}],"predecessor-version":[{"id":338,"href":"https:\/\/www.club-vosgien-lemberg.net\/wordpress\/index.php?rest_route=\/wp\/v2\/posts\/295\/revisions\/338"}],"wp:attachment":[{"href":"https:\/\/www.club-vosgien-lemberg.net\/wordpress\/index.php?rest_route=%2Fwp%2Fv2%2Fmedia&parent=295"}],"wp:term":[{"taxonomy":"category","embeddable":true,"href":"https:\/\/www.club-vosgien-lemberg.net\/wordpress\/index.php?rest_route=%2Fwp%2Fv2%2Fcategories&post=295"},{"taxonomy":"post_tag","embeddable":true,"href":"https:\/\/www.club-vosgien-lemberg.net\/wordpress\/index.php?rest_route=%2Fwp%2Fv2%2Ftags&post=295"}],"curies":[{"name":"wp","href":"https:\/\/api.w.org\/{rel}","templated":true}]}}