{"id":381,"date":"2011-06-07T11:25:46","date_gmt":"2011-06-07T10:25:46","guid":{"rendered":"http:\/\/www.club-vosgien-lemberg.net\/wordpress\/?p=381"},"modified":"2011-06-07T11:36:08","modified_gmt":"2011-06-07T10:36:08","slug":"le-cvl-en-ardeche","status":"publish","type":"post","link":"https:\/\/www.club-vosgien-lemberg.net\/wordpress\/?p=381","title":{"rendered":"Le CVL en Ardeche"},"content":{"rendered":"<p><a href=\"http:\/\/www.club-vosgien-lemberg.net\/wordpress\/wp-content\/uploads\/2011\/06\/IMGP1005.jpg\"><img decoding=\"async\" loading=\"lazy\" class=\"size-thumbnail wp-image-387 alignleft\" title=\"IMGP1005\" src=\"http:\/\/www.club-vosgien-lemberg.net\/wordpress\/wp-content\/uploads\/2011\/06\/IMGP1005-150x150.jpg\" alt=\"\" width=\"150\" height=\"150\" \/><\/a>Du mercredi 1 juin au dimanche 5 juin le CVL \u00e9tait en excursion randonn\u00e9e en Ard\u00e8che. Le premier jour les marcheurs ont\u00a0randonn\u00e9\u00a0dans les gorges de la rivi\u00e8re en visitant les plus beau villages de France. Vogu\u00e9 et Balazuc \u00e9taient au programme.<\/p>\n<p>&nbsp;<\/p>\n<p><a href=\"http:\/\/www.club-vosgien-lemberg.net\/wordpress\/wp-content\/uploads\/2011\/06\/IMGP1046.jpg\"><img decoding=\"async\" loading=\"lazy\" class=\"alignleft size-thumbnail wp-image-385\" title=\"IMGP1046\" src=\"http:\/\/www.club-vosgien-lemberg.net\/wordpress\/wp-content\/uploads\/2011\/06\/IMGP1046-150x150.jpg\" alt=\"\" width=\"150\" height=\"150\" \/><\/a>Le deuxi\u00e8me jour les gorges de l&rsquo;Ard\u00e8che ont\u00a0d\u00e9voil\u00e9\u00a0toute leur splendeur dans le cirque de Gens.<\/p>\n<p>&nbsp;<\/p>\n<p>&nbsp;<\/p>\n<p><a href=\"http:\/\/www.club-vosgien-lemberg.net\/wordpress\/wp-content\/uploads\/2011\/06\/IMGP1067.jpg\"><img decoding=\"async\" loading=\"lazy\" class=\"alignleft size-thumbnail wp-image-386\" title=\"IMGP1067\" src=\"http:\/\/www.club-vosgien-lemberg.net\/wordpress\/wp-content\/uploads\/2011\/06\/IMGP1067-150x150.jpg\" alt=\"\" width=\"150\" height=\"150\" \/><\/a>Le troisi\u00e8me jour les plus t\u00e9m\u00e9raires ont pu d\u00e9couvrir les magnifiques panorama de Thuyets par la via-ferata. Les marcheurs, avec les\u00a0pieds\u00a0bien sur terre, ont pu s&rsquo;\u00e9merveiller dans les superbes gorges de l&rsquo;Ard\u00e8che.<\/p>\n<div style=\"padding-bottom:20px; padding-top:10px;\" class=\"hupso-share-buttons\"><!-- Hupso Share Buttons - https:\/\/www.hupso.com\/share\/ --><a class=\"hupso_toolbar\" href=\"https:\/\/www.hupso.com\/share\/\"><img src=\"https:\/\/static.hupso.com\/share\/buttons\/lang\/fr\/share-medium.png\" style=\"border:0px; padding-top:5px; float:left;\" alt=\"Share Button\"\/><\/a><script type=\"text\/javascript\">var hupso_services_t=new Array(\"Twitter\",\"Facebook\",\"Email\");var hupso_background_t=\"#EAF4FF\";var hupso_border_t=\"#66CCFF\";var hupso_toolbar_size_t=\"medium\";var hupso_image_folder_url = \"\";var hupso_url_t=\"\";var hupso_title_t=\"Le CVL en Ardeche\";<\/script><script type=\"text\/javascript\" src=\"https:\/\/static.hupso.com\/share\/js\/share_toolbar.js\"><\/script><!-- Hupso Share Buttons --><\/div>","protected":false},"excerpt":{"rendered":"<p>Du mercredi 1 juin au dimanche 5 juin le CVL \u00e9tait en excursion randonn\u00e9e en Ard\u00e8che. Le premier jour les marcheurs ont\u00a0randonn\u00e9\u00a0dans les gorges de la rivi\u00e8re en visitant les plus beau villages de France. Vogu\u00e9 et Balazuc \u00e9taient au programme. &nbsp; Le deuxi\u00e8me jour les gorges de l&rsquo;Ard\u00e8che ont\u00a0d\u00e9voil\u00e9\u00a0toute leur splendeur dans le cirque [&hellip;]<\/p>\n<div style=\"padding-bottom:20px; padding-top:10px;\" class=\"hupso-share-buttons\"><!-- Hupso Share Buttons - https:\/\/www.hupso.com\/share\/ --><a class=\"hupso_toolbar\" href=\"https:\/\/www.hupso.com\/share\/\"><img src=\"https:\/\/static.hupso.com\/share\/buttons\/lang\/fr\/share-medium.png\" style=\"border:0px; padding-top:5px; float:left;\" alt=\"Share Button\"\/><\/a><script type=\"text\/javascript\">var hupso_services_t=new Array(\"Twitter\",\"Facebook\",\"Email\");var hupso_background_t=\"#EAF4FF\";var hupso_border_t=\"#66CCFF\";var hupso_toolbar_size_t=\"medium\";var hupso_image_folder_url = \"\";var hupso_url_t=\"\";var hupso_title_t=\"Le CVL en Ardeche\";<\/script><script type=\"text\/javascript\" src=\"https:\/\/static.hupso.com\/share\/js\/share_toolbar.js\"><\/script><!-- Hupso Share Buttons --><\/div>","protected":false},"author":2,"featured_media":0,"comment_status":"closed","ping_status":"closed","sticky":false,"template":"","format":"standard","meta":{"_monsterinsights_skip_tracking":false,"_monsterinsights_sitenote_active":false,"_monsterinsights_sitenote_note":"","_monsterinsights_sitenote_category":0},"categories":[13],"tags":[15,20],"_links":{"self":[{"href":"https:\/\/www.club-vosgien-lemberg.net\/wordpress\/index.php?rest_route=\/wp\/v2\/posts\/381"}],"collection":[{"href":"https:\/\/www.club-vosgien-lemberg.net\/wordpress\/index.php?rest_route=\/wp\/v2\/posts"}],"about":[{"href":"https:\/\/www.club-vosgien-lemberg.net\/wordpress\/index.php?rest_route=\/wp\/v2\/types\/post"}],"author":[{"embeddable":true,"href":"https:\/\/www.club-vosgien-lemberg.net\/wordpress\/index.php?rest_route=\/wp\/v2\/users\/2"}],"replies":[{"embeddable":true,"href":"https:\/\/www.club-vosgien-lemberg.net\/wordpress\/index.php?rest_route=%2Fwp%2Fv2%2Fcomments&post=381"}],"version-history":[{"count":3,"href":"https:\/\/www.club-vosgien-lemberg.net\/wordpress\/index.php?rest_route=\/wp\/v2\/posts\/381\/revisions"}],"predecessor-version":[{"id":383,"href":"https:\/\/www.club-vosgien-lemberg.net\/wordpress\/index.php?rest_route=\/wp\/v2\/posts\/381\/revisions\/383"}],"wp:attachment":[{"href":"https:\/\/www.club-vosgien-lemberg.net\/wordpress\/index.php?rest_route=%2Fwp%2Fv2%2Fmedia&parent=381"}],"wp:term":[{"taxonomy":"category","embeddable":true,"href":"https:\/\/www.club-vosgien-lemberg.net\/wordpress\/index.php?rest_route=%2Fwp%2Fv2%2Fcategories&post=381"},{"taxonomy":"post_tag","embeddable":true,"href":"https:\/\/www.club-vosgien-lemberg.net\/wordpress\/index.php?rest_route=%2Fwp%2Fv2%2Ftags&post=381"}],"curies":[{"name":"wp","href":"https:\/\/api.w.org\/{rel}","templated":true}]}}