{"id":446,"date":"2011-09-20T09:05:11","date_gmt":"2011-09-20T08:05:11","guid":{"rendered":"http:\/\/www.club-vosgien-lemberg.net\/wordpress\/?p=446"},"modified":"2011-09-20T09:20:10","modified_gmt":"2011-09-20T08:20:10","slug":"le-lavoir-grebil-renove","status":"publish","type":"post","link":"https:\/\/www.club-vosgien-lemberg.net\/wordpress\/?p=446","title":{"rendered":"Le lavoir Gr\u00e9bil r\u00e9nov\u00e9 !"},"content":{"rendered":"<p><a href=\"http:\/\/www.club-vosgien-lemberg.net\/wordpress\/wp-content\/uploads\/2011\/09\/IMGP1678.jpg\"><img decoding=\"async\" loading=\"lazy\" class=\"alignleft size-thumbnail wp-image-447\" title=\"IMGP1678\" src=\"http:\/\/www.club-vosgien-lemberg.net\/wordpress\/wp-content\/uploads\/2011\/09\/IMGP1678-150x150.jpg\" alt=\"\" width=\"150\" height=\"150\" \/><\/a>Samedi 17 septembre une \u00e9quipe du Club Vosgien s\u2019est \u00e0 nouveau mobilis\u00e9e pour r\u00e9nover et entretenir un monument du patrimoine historique du village. Apr\u00e8s les travaux aux lavoirs du Wasserfelsen, du Helloch et de la Source Saint Hubert c\u2019est le lavoir de la Bildmuhl qui a subit une cure de jouvence.<\/p>\n<p>Construit au XVIII\u00e8me si\u00e8cle ce lavoir a la particularit\u00e9 d\u2019\u00eatre taill\u00e9 d\u2019une seule pi\u00e8ce dans le rocher. Initialement le projet du club vosgien \u00e9tait de reconstruire l\u2019ouvrage tr\u00e8s abim\u00e9 par les intemp\u00e9ries. Or, a la surprise g\u00e9n\u00e9rale, il s\u2019est av\u00e9r\u00e9 que ce lavoir ne comportait qu\u2019un seul bac. Un d\u00e9blaiement et un nettoyage en profondeur ont suffit \u00e0 redonner l\u2019aspect original au monument.<\/p>\n<p>Un moulin \u00e9tait situ\u00e9 \u00e0 quelques m\u00e8tres du lavoir. Construit vers les ann\u00e9es 1750, il \u00e9tait la propri\u00e9t\u00e9 de la famille Neufinck. Quelques g\u00e9n\u00e9rations plus tard, vers 1860, le b\u00e2timent revint \u00e0 la famille Gr\u00e9bil. C\u2019est probablement de cette \u00e9poque que date le nom du lavoir\u00a0: \u00ab\u00a0Grebil\u2019s brunne\u00a0\u00bb. Le moulin cessa toute activit\u00e9 en 1880.<\/p>\n<p>L\u2019acc\u00e8s au lavoir se fait \u00e0 partir du chalet du club vosgien en suivant le circuit des grottes balis\u00e9 par un anneau jaune. Compter deux heures pour un circuit d\u00e9couverte des lavoirs du village de Lemberg.<\/p>\n<p><!--more--><\/p>\n\n\t\t<style type=\"text\/css\">\n\t\t\t#gallery-1 {\n\t\t\t\tmargin: auto;\n\t\t\t}\n\t\t\t#gallery-1 .gallery-item {\n\t\t\t\tfloat: left;\n\t\t\t\tmargin-top: 10px;\n\t\t\t\ttext-align: center;\n\t\t\t\twidth: 50%;\n\t\t\t}\n\t\t\t#gallery-1 img {\n\t\t\t\tborder: 2px solid #cfcfcf;\n\t\t\t}\n\t\t\t#gallery-1 .gallery-caption {\n\t\t\t\tmargin-left: 0;\n\t\t\t}\n\t\t\t\/* see gallery_shortcode() in wp-includes\/media.php *\/\n\t\t<\/style>\n\t\t<div id='gallery-1' class='gallery galleryid-446 gallery-columns-2 gallery-size-thumbnail'><dl class='gallery-item'>\n\t\t\t<dt class='gallery-icon landscape'>\n\t\t\t\t<a href='https:\/\/www.club-vosgien-lemberg.net\/wordpress\/?attachment_id=447'><img width=\"150\" height=\"150\" src=\"https:\/\/www.club-vosgien-lemberg.net\/wordpress\/wp-content\/uploads\/2011\/09\/IMGP1678-150x150.jpg\" class=\"attachment-thumbnail size-thumbnail\" alt=\"\" decoding=\"async\" loading=\"lazy\" \/><\/a>\n\t\t\t<\/dt><\/dl><dl class='gallery-item'>\n\t\t\t<dt class='gallery-icon landscape'>\n\t\t\t\t<a href='https:\/\/www.club-vosgien-lemberg.net\/wordpress\/?attachment_id=448'><img width=\"150\" height=\"150\" src=\"https:\/\/www.club-vosgien-lemberg.net\/wordpress\/wp-content\/uploads\/2011\/09\/IMGP1660-150x150.jpg\" class=\"attachment-thumbnail size-thumbnail\" alt=\"\" decoding=\"async\" loading=\"lazy\" \/><\/a>\n\t\t\t<\/dt><\/dl><br style=\"clear: both\" \/><dl class='gallery-item'>\n\t\t\t<dt class='gallery-icon landscape'>\n\t\t\t\t<a href='https:\/\/www.club-vosgien-lemberg.net\/wordpress\/?attachment_id=450'><img width=\"150\" height=\"150\" src=\"https:\/\/www.club-vosgien-lemberg.net\/wordpress\/wp-content\/uploads\/2011\/09\/IMGP1673-150x150.jpg\" class=\"attachment-thumbnail size-thumbnail\" alt=\"\" decoding=\"async\" loading=\"lazy\" \/><\/a>\n\t\t\t<\/dt><\/dl><dl class='gallery-item'>\n\t\t\t<dt class='gallery-icon landscape'>\n\t\t\t\t<a href='https:\/\/www.club-vosgien-lemberg.net\/wordpress\/?attachment_id=453'><img width=\"150\" height=\"150\" src=\"https:\/\/www.club-vosgien-lemberg.net\/wordpress\/wp-content\/uploads\/2011\/09\/IMGP1675-150x150.jpg\" class=\"attachment-thumbnail size-thumbnail\" alt=\"\" decoding=\"async\" loading=\"lazy\" \/><\/a>\n\t\t\t<\/dt><\/dl><br style=\"clear: both\" \/>\n\t\t<\/div>\n\n<p>Voici un bref aper\u00e7u historique de l&rsquo;histoire du moulin de la Bildmuhl inf\u00e9rieure et de ce fait du lavoir Gr\u00e9bil:<\/p>\n<address><em>Neufinck Bernard ainsi que sa femme Barbe Meyer semblent \u00eatre les premiers meuniers de la \u00ab Unterbildm\u00fchle \u00bb, de 1764 \u00e0 1769. Leur succ\u00e9d\u00e8rent alors Kohl S\u00e9bastien et sa femme Catherine Neufinck, fille de Bernard, de 1787 \u00e0 1807. Dans les ann\u00e9es 1815, Anna Pierre et Barbe Neufinck se pr\u00e9sent\u00e8rent \u00e9galement comme meunier. Suivirent Kohl Jean, fils de S\u00e9bastien, ainsi que son \u00e9pouse Madeleine Mongin, de 1832 \u00e0 1835, puis Jean Georges Kohl et Ursule Hilt de 1836 \u00e0 1851. Leur fille Marie Anne \u00e9pousa Jean Nicolas Gr\u00e9bil qui h\u00e9rita du b\u00e2timent et de ses d\u00e9pendances.  C\u2019est probablement suite \u00e0 cette union que proviennent les expressions \u00ab Gr\u00e9bil\u2019s M\u00fchl \u00bb ainsi que \u00ab Gr\u00e9bil\u2019s Wesch Brunne \u00bb qui existent encore de nos jours. Le moulin cessa toute activit\u00e9 en 1880(18) ; il n\u2019\u00e9tait  plus qu\u2019une ruine au d\u00e9but du XX\u00e8me si\u00e8cle. L&rsquo;ancienne maison Gr\u00e9bil-Brill, \u00e0 l&rsquo;angle de la rue du moulin et de la Grand&rsquo;rue serrait d&rsquo;ailleurs construit avec les pierres de l&rsquo;ancien moulin.<\/em><\/address>\n<address><em>Outre les  meuniers, plusieurs autres familles habit\u00e8rent dans la vall\u00e9e de la Bildm\u00fchl. <\/em><\/address>\n<address> <\/address>\n<div style=\"padding-bottom:20px; padding-top:10px;\" class=\"hupso-share-buttons\"><!-- Hupso Share Buttons - https:\/\/www.hupso.com\/share\/ --><a class=\"hupso_toolbar\" href=\"https:\/\/www.hupso.com\/share\/\"><img src=\"https:\/\/static.hupso.com\/share\/buttons\/lang\/fr\/share-medium.png\" style=\"border:0px; padding-top:5px; float:left;\" alt=\"Share Button\"\/><\/a><script type=\"text\/javascript\">var hupso_services_t=new Array(\"Twitter\",\"Facebook\",\"Email\");var hupso_background_t=\"#EAF4FF\";var hupso_border_t=\"#66CCFF\";var hupso_toolbar_size_t=\"medium\";var hupso_image_folder_url = \"\";var hupso_url_t=\"\";var hupso_title_t=\"Le lavoir Gr\u00e9bil r\u00e9nov\u00e9 !\";<\/script><script type=\"text\/javascript\" src=\"https:\/\/static.hupso.com\/share\/js\/share_toolbar.js\"><\/script><!-- Hupso Share Buttons --><\/div>","protected":false},"excerpt":{"rendered":"<p>Samedi 17 septembre une \u00e9quipe du Club Vosgien s\u2019est \u00e0 nouveau mobilis\u00e9e pour r\u00e9nover et entretenir un monument du patrimoine historique du village. Apr\u00e8s les travaux aux lavoirs du Wasserfelsen, du Helloch et de la Source Saint Hubert c\u2019est le lavoir de la Bildmuhl qui a subit une cure de jouvence. Construit au XVIII\u00e8me si\u00e8cle [&hellip;]<\/p>\n<div style=\"padding-bottom:20px; padding-top:10px;\" class=\"hupso-share-buttons\"><!-- Hupso Share Buttons - https:\/\/www.hupso.com\/share\/ --><a class=\"hupso_toolbar\" href=\"https:\/\/www.hupso.com\/share\/\"><img src=\"https:\/\/static.hupso.com\/share\/buttons\/lang\/fr\/share-medium.png\" style=\"border:0px; padding-top:5px; float:left;\" alt=\"Share Button\"\/><\/a><script type=\"text\/javascript\">var hupso_services_t=new Array(\"Twitter\",\"Facebook\",\"Email\");var hupso_background_t=\"#EAF4FF\";var hupso_border_t=\"#66CCFF\";var hupso_toolbar_size_t=\"medium\";var hupso_image_folder_url = \"\";var hupso_url_t=\"\";var hupso_title_t=\"Le lavoir Gr\u00e9bil r\u00e9nov\u00e9 !\";<\/script><script type=\"text\/javascript\" src=\"https:\/\/static.hupso.com\/share\/js\/share_toolbar.js\"><\/script><!-- Hupso Share Buttons --><\/div>","protected":false},"author":2,"featured_media":0,"comment_status":"closed","ping_status":"closed","sticky":false,"template":"","format":"standard","meta":{"_monsterinsights_skip_tracking":false,"_monsterinsights_sitenote_active":false,"_monsterinsights_sitenote_note":"","_monsterinsights_sitenote_category":0},"categories":[13],"tags":[17,10,32,12],"_links":{"self":[{"href":"https:\/\/www.club-vosgien-lemberg.net\/wordpress\/index.php?rest_route=\/wp\/v2\/posts\/446"}],"collection":[{"href":"https:\/\/www.club-vosgien-lemberg.net\/wordpress\/index.php?rest_route=\/wp\/v2\/posts"}],"about":[{"href":"https:\/\/www.club-vosgien-lemberg.net\/wordpress\/index.php?rest_route=\/wp\/v2\/types\/post"}],"author":[{"embeddable":true,"href":"https:\/\/www.club-vosgien-lemberg.net\/wordpress\/index.php?rest_route=\/wp\/v2\/users\/2"}],"replies":[{"embeddable":true,"href":"https:\/\/www.club-vosgien-lemberg.net\/wordpress\/index.php?rest_route=%2Fwp%2Fv2%2Fcomments&post=446"}],"version-history":[{"count":8,"href":"https:\/\/www.club-vosgien-lemberg.net\/wordpress\/index.php?rest_route=\/wp\/v2\/posts\/446\/revisions"}],"predecessor-version":[{"id":458,"href":"https:\/\/www.club-vosgien-lemberg.net\/wordpress\/index.php?rest_route=\/wp\/v2\/posts\/446\/revisions\/458"}],"wp:attachment":[{"href":"https:\/\/www.club-vosgien-lemberg.net\/wordpress\/index.php?rest_route=%2Fwp%2Fv2%2Fmedia&parent=446"}],"wp:term":[{"taxonomy":"category","embeddable":true,"href":"https:\/\/www.club-vosgien-lemberg.net\/wordpress\/index.php?rest_route=%2Fwp%2Fv2%2Fcategories&post=446"},{"taxonomy":"post_tag","embeddable":true,"href":"https:\/\/www.club-vosgien-lemberg.net\/wordpress\/index.php?rest_route=%2Fwp%2Fv2%2Ftags&post=446"}],"curies":[{"name":"wp","href":"https:\/\/api.w.org\/{rel}","templated":true}]}}