{"id":49,"date":"2011-01-01T17:49:35","date_gmt":"2011-01-01T16:49:35","guid":{"rendered":"http:\/\/www.club-vosgien-lemberg.net\/wordpress\/?p=49"},"modified":"2011-01-01T17:51:33","modified_gmt":"2011-01-01T16:51:33","slug":"le-lavoir-du-helloch-inaugure","status":"publish","type":"post","link":"https:\/\/www.club-vosgien-lemberg.net\/wordpress\/?p=49","title":{"rendered":"Le lavoir du Helloch inaugur\u00e9"},"content":{"rendered":"<p>La semaine derni\u00e8re, le lavoir du Helloch a \u00e9t\u00e9 \u00ab\u00a0inaugur\u00e9\u00a0\u00bb en pr\u00e9sence des membres du Club Vosgien qui ont\u00a0particip\u00e9\u00a0\u00e0 la restauration. Mr Patrick Klein, premier adjoint au maire, \u00e9tait \u00e9galement pr\u00e9sent pour f\u00e9liciter les membres du CVL.<\/p>\n<p><a href=\"http:\/\/www.club-vosgien-lemberg.net\/wordpress\/wp-content\/uploads\/2011\/01\/IMGP0354.jpg\"><img decoding=\"async\" loading=\"lazy\" class=\"alignleft size-thumbnail wp-image-50\" title=\"helloch1\" src=\"http:\/\/www.club-vosgien-lemberg.net\/wordpress\/wp-content\/uploads\/2011\/01\/IMGP0354-150x150.jpg\" alt=\"\" width=\"150\" height=\"150\" \/><\/a>Les lavoirs communaux constituent une part importante du patrimoine des villages du Pays de Bitche. Celui du Helloch, \u00e0 Lemberg, \u00e9tait dans un \u00e9tat particuli\u00e8rement d\u00e9grad\u00e9, seules quelques pierres de taille \u00e9tant encore apparente. L&rsquo;hiver 2009-2010 a \u00e9t\u00e9 rigoureux et lors du d\u00e9gel une \u00e9norme souche est malheureusement venue s&rsquo;\u00e9craser sur le lavoir, le rendant\u00a0compl\u00e8tement\u00a0m\u00e9connaissable. Riche de son exp\u00e9rience suite aux travaux de r\u00e9novation des lavoirs du  Wasserfelsen et de la Source Saint Hubert, le club vosgien de Lemberg s\u2019est attel\u00e9 \u00e0 la restauration du monument en mars 2010.<\/p>\n<p>13 journ\u00e9es de travail, soit plus de 300 heures de b\u00e9n\u00e9volat, ont \u00e9t\u00e9 n\u00e9cessaires \u00e0 la r\u00e9alisation de ce travail titanesque ! 8 tonnes de gr\u00e8s des Vosges, gracieusement mis \u00e0 disposition par la mairie, ont \u00e9t\u00e9 fa\u00e7onn\u00e9s et r\u00e9implant\u00e9s sur le site. Enfin, \u00e0 la mi-novembre, les travaux ont \u00e9t\u00e9 achev\u00e9s en donnant un nouveau cachet \u00e0 cet endroit particuli\u00e8rement pris\u00e9 des randonneurs et des habitants du village.<\/p>\n<p><a href=\"http:\/\/www.club-vosgien-lemberg.net\/wordpress\/wp-content\/uploads\/2011\/01\/PICT3500.jpg\"><img decoding=\"async\" loading=\"lazy\" class=\"alignleft size-thumbnail wp-image-51\" title=\"helloch2\" src=\"http:\/\/www.club-vosgien-lemberg.net\/wordpress\/wp-content\/uploads\/2011\/01\/PICT3500-150x150.jpg\" alt=\"\" width=\"150\" height=\"150\" \/><\/a>Le lavoir du Helloch est accessible en 20 minutes du chalet refuge de Lemberg en suivant le triangle bleu. C&rsquo;est \u00e9galement un point de passage du sentier des grottes, balis\u00e9 avec l&rsquo;anneau jaune.<\/p>\n<div style=\"padding-bottom:20px; padding-top:10px;\" class=\"hupso-share-buttons\"><!-- Hupso Share Buttons - https:\/\/www.hupso.com\/share\/ --><a class=\"hupso_toolbar\" href=\"https:\/\/www.hupso.com\/share\/\"><img src=\"https:\/\/static.hupso.com\/share\/buttons\/lang\/fr\/share-medium.png\" style=\"border:0px; padding-top:5px; float:left;\" alt=\"Share Button\"\/><\/a><script type=\"text\/javascript\">var hupso_services_t=new Array(\"Twitter\",\"Facebook\",\"Email\");var hupso_background_t=\"#EAF4FF\";var hupso_border_t=\"#66CCFF\";var hupso_toolbar_size_t=\"medium\";var hupso_image_folder_url = \"\";var hupso_url_t=\"\";var hupso_title_t=\"Le lavoir du Helloch inaugur\u00e9\";<\/script><script type=\"text\/javascript\" src=\"https:\/\/static.hupso.com\/share\/js\/share_toolbar.js\"><\/script><!-- Hupso Share Buttons --><\/div>","protected":false},"excerpt":{"rendered":"<p>La semaine derni\u00e8re, le lavoir du Helloch a \u00e9t\u00e9 \u00ab\u00a0inaugur\u00e9\u00a0\u00bb en pr\u00e9sence des membres du Club Vosgien qui ont\u00a0particip\u00e9\u00a0\u00e0 la restauration. Mr Patrick Klein, premier adjoint au maire, \u00e9tait \u00e9galement pr\u00e9sent pour f\u00e9liciter les membres du CVL. Les lavoirs communaux constituent une part importante du patrimoine des villages du Pays de Bitche. Celui du Helloch, [&hellip;]<\/p>\n<div style=\"padding-bottom:20px; padding-top:10px;\" class=\"hupso-share-buttons\"><!-- Hupso Share Buttons - https:\/\/www.hupso.com\/share\/ --><a class=\"hupso_toolbar\" href=\"https:\/\/www.hupso.com\/share\/\"><img src=\"https:\/\/static.hupso.com\/share\/buttons\/lang\/fr\/share-medium.png\" style=\"border:0px; padding-top:5px; float:left;\" alt=\"Share Button\"\/><\/a><script type=\"text\/javascript\">var hupso_services_t=new Array(\"Twitter\",\"Facebook\",\"Email\");var hupso_background_t=\"#EAF4FF\";var hupso_border_t=\"#66CCFF\";var hupso_toolbar_size_t=\"medium\";var hupso_image_folder_url = \"\";var hupso_url_t=\"\";var hupso_title_t=\"Le lavoir du Helloch inaugur\u00e9\";<\/script><script type=\"text\/javascript\" src=\"https:\/\/static.hupso.com\/share\/js\/share_toolbar.js\"><\/script><!-- Hupso Share Buttons --><\/div>","protected":false},"author":1,"featured_media":0,"comment_status":"closed","ping_status":"closed","sticky":false,"template":"","format":"standard","meta":{"_monsterinsights_skip_tracking":false,"_monsterinsights_sitenote_active":false,"_monsterinsights_sitenote_note":"","_monsterinsights_sitenote_category":0},"categories":[13],"tags":[10,11,12],"_links":{"self":[{"href":"https:\/\/www.club-vosgien-lemberg.net\/wordpress\/index.php?rest_route=\/wp\/v2\/posts\/49"}],"collection":[{"href":"https:\/\/www.club-vosgien-lemberg.net\/wordpress\/index.php?rest_route=\/wp\/v2\/posts"}],"about":[{"href":"https:\/\/www.club-vosgien-lemberg.net\/wordpress\/index.php?rest_route=\/wp\/v2\/types\/post"}],"author":[{"embeddable":true,"href":"https:\/\/www.club-vosgien-lemberg.net\/wordpress\/index.php?rest_route=\/wp\/v2\/users\/1"}],"replies":[{"embeddable":true,"href":"https:\/\/www.club-vosgien-lemberg.net\/wordpress\/index.php?rest_route=%2Fwp%2Fv2%2Fcomments&post=49"}],"version-history":[{"count":2,"href":"https:\/\/www.club-vosgien-lemberg.net\/wordpress\/index.php?rest_route=\/wp\/v2\/posts\/49\/revisions"}],"predecessor-version":[{"id":53,"href":"https:\/\/www.club-vosgien-lemberg.net\/wordpress\/index.php?rest_route=\/wp\/v2\/posts\/49\/revisions\/53"}],"wp:attachment":[{"href":"https:\/\/www.club-vosgien-lemberg.net\/wordpress\/index.php?rest_route=%2Fwp%2Fv2%2Fmedia&parent=49"}],"wp:term":[{"taxonomy":"category","embeddable":true,"href":"https:\/\/www.club-vosgien-lemberg.net\/wordpress\/index.php?rest_route=%2Fwp%2Fv2%2Fcategories&post=49"},{"taxonomy":"post_tag","embeddable":true,"href":"https:\/\/www.club-vosgien-lemberg.net\/wordpress\/index.php?rest_route=%2Fwp%2Fv2%2Ftags&post=49"}],"curies":[{"name":"wp","href":"https:\/\/api.w.org\/{rel}","templated":true}]}}