{"id":880,"date":"2014-06-11T10:00:14","date_gmt":"2014-06-11T09:00:14","guid":{"rendered":"http:\/\/www.club-vosgien-lemberg.net\/wordpress\/?p=880"},"modified":"2014-06-11T10:00:39","modified_gmt":"2014-06-11T09:00:39","slug":"sortie-du-25-juin","status":"publish","type":"post","link":"https:\/\/www.club-vosgien-lemberg.net\/wordpress\/?p=880","title":{"rendered":"Sortie du 25 juin"},"content":{"rendered":"<p>La sortie du troisi\u00e8me mercredi du mois est report\u00e9e du 18 au 25 juin. Le CV Lemberg est en effet en trekking dans les Vosges durant cette p\u00e9riode.<\/p>\n<div style=\"width: 498px\" class=\"wp-caption aligncenter\"><img decoding=\"async\" loading=\"lazy\" class=\" \" alt=\"\" src=\"http:\/\/www.ville-bitche.fr\/site\/medias\/_images_contenu\/images_tourisme\/paix_01.jpg\" width=\"488\" height=\"140\" \/><p class=\"wp-caption-text\">Jardin de la Paix<\/p><\/div>\n<p>Un nouveau site touristique est \u00e0 d\u00e9couvrir durant cette journ\u00e9e : le matin, petite randonn\u00e9e \u00e0 Bitche (3 heures maximum). Le repas de midi sera tir\u00e9 du sac. L&rsquo;apr\u00e8s midi sera consacr\u00e9 \u00e0 la visite du <strong>Jardin de la Paix<\/strong> de la ville de Bitche. Le d\u00e9part est fix\u00e9 \u00e0 9h00 au refuge de l&rsquo;association.<\/p>\n<div style=\"padding-bottom:20px; padding-top:10px;\" class=\"hupso-share-buttons\"><!-- Hupso Share Buttons - https:\/\/www.hupso.com\/share\/ --><a class=\"hupso_toolbar\" href=\"https:\/\/www.hupso.com\/share\/\"><img src=\"https:\/\/static.hupso.com\/share\/buttons\/lang\/fr\/share-medium.png\" style=\"border:0px; padding-top:5px; float:left;\" alt=\"Share Button\"\/><\/a><script type=\"text\/javascript\">var hupso_services_t=new Array(\"Twitter\",\"Facebook\",\"Email\");var hupso_background_t=\"#EAF4FF\";var hupso_border_t=\"#66CCFF\";var hupso_toolbar_size_t=\"medium\";var hupso_image_folder_url = \"\";var hupso_url_t=\"\";var hupso_title_t=\"Sortie du 25 juin\";<\/script><script type=\"text\/javascript\" src=\"https:\/\/static.hupso.com\/share\/js\/share_toolbar.js\"><\/script><!-- Hupso Share Buttons --><\/div>","protected":false},"excerpt":{"rendered":"<p>La sortie du troisi\u00e8me mercredi du mois est report\u00e9e du 18 au 25 juin. Le CV Lemberg est en effet en trekking dans les Vosges durant cette p\u00e9riode. Un nouveau site touristique est \u00e0 d\u00e9couvrir durant cette journ\u00e9e : le matin, petite randonn\u00e9e \u00e0 Bitche (3 heures maximum). Le repas de midi sera tir\u00e9 du [&hellip;]<\/p>\n<div style=\"padding-bottom:20px; padding-top:10px;\" class=\"hupso-share-buttons\"><!-- Hupso Share Buttons - https:\/\/www.hupso.com\/share\/ --><a class=\"hupso_toolbar\" href=\"https:\/\/www.hupso.com\/share\/\"><img src=\"https:\/\/static.hupso.com\/share\/buttons\/lang\/fr\/share-medium.png\" style=\"border:0px; padding-top:5px; float:left;\" alt=\"Share Button\"\/><\/a><script type=\"text\/javascript\">var hupso_services_t=new Array(\"Twitter\",\"Facebook\",\"Email\");var hupso_background_t=\"#EAF4FF\";var hupso_border_t=\"#66CCFF\";var hupso_toolbar_size_t=\"medium\";var hupso_image_folder_url = \"\";var hupso_url_t=\"\";var hupso_title_t=\"Sortie du 25 juin\";<\/script><script type=\"text\/javascript\" src=\"https:\/\/static.hupso.com\/share\/js\/share_toolbar.js\"><\/script><!-- Hupso Share Buttons --><\/div>","protected":false},"author":2,"featured_media":0,"comment_status":"closed","ping_status":"closed","sticky":false,"template":"","format":"standard","meta":{"_monsterinsights_skip_tracking":false,"_monsterinsights_sitenote_active":false,"_monsterinsights_sitenote_note":"","_monsterinsights_sitenote_category":0},"categories":[13],"tags":[],"_links":{"self":[{"href":"https:\/\/www.club-vosgien-lemberg.net\/wordpress\/index.php?rest_route=\/wp\/v2\/posts\/880"}],"collection":[{"href":"https:\/\/www.club-vosgien-lemberg.net\/wordpress\/index.php?rest_route=\/wp\/v2\/posts"}],"about":[{"href":"https:\/\/www.club-vosgien-lemberg.net\/wordpress\/index.php?rest_route=\/wp\/v2\/types\/post"}],"author":[{"embeddable":true,"href":"https:\/\/www.club-vosgien-lemberg.net\/wordpress\/index.php?rest_route=\/wp\/v2\/users\/2"}],"replies":[{"embeddable":true,"href":"https:\/\/www.club-vosgien-lemberg.net\/wordpress\/index.php?rest_route=%2Fwp%2Fv2%2Fcomments&post=880"}],"version-history":[{"count":2,"href":"https:\/\/www.club-vosgien-lemberg.net\/wordpress\/index.php?rest_route=\/wp\/v2\/posts\/880\/revisions"}],"predecessor-version":[{"id":882,"href":"https:\/\/www.club-vosgien-lemberg.net\/wordpress\/index.php?rest_route=\/wp\/v2\/posts\/880\/revisions\/882"}],"wp:attachment":[{"href":"https:\/\/www.club-vosgien-lemberg.net\/wordpress\/index.php?rest_route=%2Fwp%2Fv2%2Fmedia&parent=880"}],"wp:term":[{"taxonomy":"category","embeddable":true,"href":"https:\/\/www.club-vosgien-lemberg.net\/wordpress\/index.php?rest_route=%2Fwp%2Fv2%2Fcategories&post=880"},{"taxonomy":"post_tag","embeddable":true,"href":"https:\/\/www.club-vosgien-lemberg.net\/wordpress\/index.php?rest_route=%2Fwp%2Fv2%2Ftags&post=880"}],"curies":[{"name":"wp","href":"https:\/\/api.w.org\/{rel}","templated":true}]}}