{"id":945,"date":"2014-08-24T12:45:52","date_gmt":"2014-08-24T11:45:52","guid":{"rendered":"http:\/\/www.club-vosgien-lemberg.net\/wordpress\/?p=945"},"modified":"2014-08-27T09:12:09","modified_gmt":"2014-08-27T08:12:09","slug":"randonnee-dans-les-vosges-2","status":"publish","type":"post","link":"https:\/\/www.club-vosgien-lemberg.net\/wordpress\/?p=945","title":{"rendered":"Randonn\u00e9e dans les Vosges"},"content":{"rendered":"<p>Comme toutes les ann\u00e9es, le CV Lemberg vous propose une sortie sur un week-end dans les Vosges.<\/p>\n<h1>Au programme:<\/h1>\n<p>&nbsp;<\/p>\n<h3>Samedi 13 septembre :<\/h3>\n<p>D\u00e9part \u00e0 6h00 du chalet du Club Vosgien de Lemberg. Arr\u00eat de 20 minutes \u00e0 l&rsquo;aire du Hautkoenigsbourg en Alsace. La randonn\u00e9e d\u00e9marre d\u00e8s notre arriv\u00e9e sur place:<\/p>\n<ul>\n<li>Col du Calvaire<\/li>\n<li>Lac Blanc<\/li>\n<li>Ch\u00e2teau du Hans<\/li>\n<li>Lac Noir<\/li>\n<li>Lac des truites<\/li>\n<li>retour au col du Calvaire<\/li>\n<\/ul>\n<p>Quelques passages difficiles mais qui peuvent \u00eatre contourn\u00e9s par le sentier \u00ab\u00a0Cornelius\u00a0\u00bb Le repas de midi \u00e0 prendre au Lac des Truites (<span style=\"text-decoration: underline;\">r\u00e9servation indispensable<\/span> \u00e0 l&rsquo;inscription) ou tir\u00e9 du sac sur les berges du lac.<\/p>\n<h3>Dimanche 14 septembre:<\/h3>\n<p>La randonn\u00e9e d\u00e9marre apr\u00e8s le petit d\u00e9jeuner:<\/p>\n<ul>\n<li>Col du calvaire<\/li>\n<li>cimeti\u00e8re \u00ab\u00a0Dusch\u00eane\u00a0\u00bb<\/li>\n<li>T\u00eate des Faux<\/li>\n<li>Roche du corbeau<\/li>\n<li>Etang du Devin<\/li>\n<li>Le Bonhomme<\/li>\n<li>Gite de l&rsquo;\u00e9tang du Devin<\/li>\n<li>Le Bonhomme<\/li>\n<li>Col du Calvaire<\/li>\n<\/ul>\n<p>Le repas de midi \u00e0 prendre au refuge de l&rsquo;Etang du Devin (<span style=\"text-decoration: underline;\">r\u00e9servation indispensable \u00e0 l&rsquo;inscription<\/span>) ou tir\u00e9 du sac.<\/p>\n<h3>H\u00e9bergement :<\/h3>\n<p>La nuit sera pass\u00e9 au \u00ab\u00a0REFUGE DES TROIS FOURS\u00a0\u00bb Pas de chambres individuelles. Draps fournis. Le refuge est \u00e9quip\u00e9 de 2 WC et de 2 douches. Repas du soir :<\/p>\n<ul>\n<li>Roigebr\u00e4deldi<\/li>\n<li>Collet fum\u00e9<\/li>\n<li>Salade<\/li>\n<li>Dessert<\/li>\n<\/ul>\n<p>Tarif pour le week-end : 50\u20ac. INSCRIPTIONS AVANT LE 15 AO\u00dbT CHEZ ALAIN FERSTLER au 06.75.76.04.30 avec le r\u00e8glement. <strong>NOMBRE DE PLACES LIMIT\u00c9ES<\/strong><\/p>\n<div style=\"padding-bottom:20px; padding-top:10px;\" class=\"hupso-share-buttons\"><!-- Hupso Share Buttons - https:\/\/www.hupso.com\/share\/ --><a class=\"hupso_toolbar\" href=\"https:\/\/www.hupso.com\/share\/\"><img src=\"https:\/\/static.hupso.com\/share\/buttons\/lang\/fr\/share-medium.png\" style=\"border:0px; padding-top:5px; float:left;\" alt=\"Share Button\"\/><\/a><script type=\"text\/javascript\">var hupso_services_t=new Array(\"Twitter\",\"Facebook\",\"Email\");var hupso_background_t=\"#EAF4FF\";var hupso_border_t=\"#66CCFF\";var hupso_toolbar_size_t=\"medium\";var hupso_image_folder_url = \"\";var hupso_url_t=\"\";var hupso_title_t=\"Randonn\u00e9e dans les Vosges\";<\/script><script type=\"text\/javascript\" src=\"https:\/\/static.hupso.com\/share\/js\/share_toolbar.js\"><\/script><!-- Hupso Share Buttons --><\/div>","protected":false},"excerpt":{"rendered":"<p>Comme toutes les ann\u00e9es, le CV Lemberg vous propose une sortie sur un week-end dans les Vosges. Au programme: &nbsp; Samedi 13 septembre : D\u00e9part \u00e0 6h00 du chalet du Club Vosgien de Lemberg. Arr\u00eat de 20 minutes \u00e0 l&rsquo;aire du Hautkoenigsbourg en Alsace. La randonn\u00e9e d\u00e9marre d\u00e8s notre arriv\u00e9e sur place: Col du Calvaire [&hellip;]<\/p>\n<div style=\"padding-bottom:20px; padding-top:10px;\" class=\"hupso-share-buttons\"><!-- Hupso Share Buttons - https:\/\/www.hupso.com\/share\/ --><a class=\"hupso_toolbar\" href=\"https:\/\/www.hupso.com\/share\/\"><img src=\"https:\/\/static.hupso.com\/share\/buttons\/lang\/fr\/share-medium.png\" style=\"border:0px; padding-top:5px; float:left;\" alt=\"Share Button\"\/><\/a><script type=\"text\/javascript\">var hupso_services_t=new Array(\"Twitter\",\"Facebook\",\"Email\");var hupso_background_t=\"#EAF4FF\";var hupso_border_t=\"#66CCFF\";var hupso_toolbar_size_t=\"medium\";var hupso_image_folder_url = \"\";var hupso_url_t=\"\";var hupso_title_t=\"Randonn\u00e9e dans les Vosges\";<\/script><script type=\"text\/javascript\" src=\"https:\/\/static.hupso.com\/share\/js\/share_toolbar.js\"><\/script><!-- Hupso Share Buttons --><\/div>","protected":false},"author":2,"featured_media":946,"comment_status":"closed","ping_status":"closed","sticky":false,"template":"","format":"standard","meta":{"_monsterinsights_skip_tracking":false,"_monsterinsights_sitenote_active":false,"_monsterinsights_sitenote_note":"","_monsterinsights_sitenote_category":0},"categories":[13],"tags":[],"_links":{"self":[{"href":"https:\/\/www.club-vosgien-lemberg.net\/wordpress\/index.php?rest_route=\/wp\/v2\/posts\/945"}],"collection":[{"href":"https:\/\/www.club-vosgien-lemberg.net\/wordpress\/index.php?rest_route=\/wp\/v2\/posts"}],"about":[{"href":"https:\/\/www.club-vosgien-lemberg.net\/wordpress\/index.php?rest_route=\/wp\/v2\/types\/post"}],"author":[{"embeddable":true,"href":"https:\/\/www.club-vosgien-lemberg.net\/wordpress\/index.php?rest_route=\/wp\/v2\/users\/2"}],"replies":[{"embeddable":true,"href":"https:\/\/www.club-vosgien-lemberg.net\/wordpress\/index.php?rest_route=%2Fwp%2Fv2%2Fcomments&post=945"}],"version-history":[{"count":3,"href":"https:\/\/www.club-vosgien-lemberg.net\/wordpress\/index.php?rest_route=\/wp\/v2\/posts\/945\/revisions"}],"predecessor-version":[{"id":1096,"href":"https:\/\/www.club-vosgien-lemberg.net\/wordpress\/index.php?rest_route=\/wp\/v2\/posts\/945\/revisions\/1096"}],"wp:featuredmedia":[{"embeddable":true,"href":"https:\/\/www.club-vosgien-lemberg.net\/wordpress\/index.php?rest_route=\/wp\/v2\/media\/946"}],"wp:attachment":[{"href":"https:\/\/www.club-vosgien-lemberg.net\/wordpress\/index.php?rest_route=%2Fwp%2Fv2%2Fmedia&parent=945"}],"wp:term":[{"taxonomy":"category","embeddable":true,"href":"https:\/\/www.club-vosgien-lemberg.net\/wordpress\/index.php?rest_route=%2Fwp%2Fv2%2Fcategories&post=945"},{"taxonomy":"post_tag","embeddable":true,"href":"https:\/\/www.club-vosgien-lemberg.net\/wordpress\/index.php?rest_route=%2Fwp%2Fv2%2Ftags&post=945"}],"curies":[{"name":"wp","href":"https:\/\/api.w.org\/{rel}","templated":true}]}}